{"id":193,"date":"2025-12-20T23:12:04","date_gmt":"2025-12-20T22:12:04","guid":{"rendered":"https:\/\/testparoisse.guillaumetalbot.com\/?p=193"},"modified":"2025-12-30T13:52:37","modified_gmt":"2025-12-30T12:52:37","slug":"mot-du-cure-du-20-12-2025","status":"publish","type":"post","link":"https:\/\/paroisseham.fr\/index.php\/2025\/12\/20\/mot-du-cure-du-20-12-2025\/","title":{"rendered":"No\u00ebl, le temps de s&rsquo;\u00e9merveiller"},"content":{"rendered":"\n<p><strong>No\u00ebl, le temps de nous \u00e9merveiller&nbsp;! <\/strong><\/p>\n\n\n\n<p>Il est venu le temps de nous \u00e9merveiller. Il est venu le temps de nous r\u00e9jouir. Il faut nous \u00e9merveiller de toutes ces belles choses qui se passent autour de nous. Il nous faut nous r\u00e9jouir du courage et de la g\u00e9n\u00e9rosit\u00e9 des personnes qui nous entourent, qui dans l\u2019ombre agissent en faveur du bien commun, et en vue d\u2019une humanit\u00e9 r\u00e9concili\u00e9e. La mauvaise habitude prise de consid\u00e9rer les choses par leurs mauvais c\u00f4t\u00e9s ou leurs imperfections doivent faire place nette \u00e0 la vie qui, positivement et discr\u00e8tement, se d\u00e9ploie dans l\u2019ombre. Discr\u00e9tion d\u2019une g\u00e9n\u00e9rosit\u00e9 authentique. L\u2019ombre bienfaisante dans laquelle tout bien authentique se nourrit et se pratique.<\/p>\n\n\n\n<p>Nous voulons rendre hommage \u00e0 tous ceux et toutes celles qui, dans notre paroisse, servent nos communaut\u00e9s paroissiales avec d\u00e9sint\u00e9ressement, g\u00e9n\u00e9rosit\u00e9 et discr\u00e9tion. Leur t\u00e9moignage est une v\u00e9ritable force, une lumi\u00e8re qui ne sert pas \u00e0 s\u2019\u00e9clairer elle-m\u00eame, mais \u00e0 faire sortir de l\u2019ombre tout ce qui fait vivre et esp\u00e9rer.<\/p>\n\n\n\n<p>Notre lumi\u00e8re v\u00e9ritable, c\u2019est le Christ. Il brille sur nous, en nous et pour nous. Et sa lumi\u00e8re r\u00e9v\u00e8le la bonne \u0153uvre que chacun r\u00e9alise dans le secret d\u2019un agir, qui s\u2019enracine dans la pratique d\u2019une continuelle conversion. Sa lumi\u00e8re permet de contempler l\u2019effort sciemment consenti par les uns et les autres, pour \u00eatre consciemment en ad\u00e9quation avec la v\u00e9rit\u00e9.<\/p>\n\n\n\n<p>Alors que nous nous appr\u00eatons \u00e0 c\u00e9l\u00e9brer la Nativit\u00e9 du Seigneur, prenons ensemble la route d\u2019un t\u00e9moignage \u00e0 la hauteur des d\u00e9fis d\u2019un monde troubl\u00e9, souvent indiff\u00e9rent, et toujours en qu\u00eate de rep\u00e8res et de sens. Laissons-nous illuminer par le Christ, et accueillons le Dieu-fait-homme venu au milieu des siens.<\/p>\n\n\n\n<p>L\u2019accueil du Christ dans nos vies passe aujourd\u2019hui par les engagements concrets pris pour nous r\u00e9concilier les uns avec les autres, et offrir au monde un t\u00e9moignage d\u2019unit\u00e9 et de communion par tous ceux qui se r\u00e9clament du Christ et qui attendent le salut promis par Dieu.<\/p>\n\n\n\n<p>Bonne pr\u00e9paration \u00e0 la f\u00eate de la Nativit\u00e9 \u00e0 chacun de vous.<\/p>\n\n\n\n<p>P. Georgino RAMEAU<\/p>\n","protected":false},"excerpt":{"rendered":"<p>No\u00ebl, le temps de nous \u00e9merveiller\u00a0! <\/p>\n<p>Il est venu le temps de nous \u00e9merveiller. Il est venu le temps de nous r\u00e9jouir.<\/p>\n","protected":false},"author":4,"featured_media":1348,"comment_status":"closed","ping_status":"closed","sticky":false,"template":"","format":"standard","meta":{"footnotes":""},"categories":[7,9],"tags":[],"class_list":["post-193","post","type-post","status-publish","format-standard","has-post-thumbnail","hentry","category-7","category-mot-du-cure"],"yoast_head":"<!-- This site is optimized with the Yoast SEO plugin v27.1.1 - https:\/\/yoast.com\/product\/yoast-seo-wordpress\/ -->\n<title>No\u00ebl, le temps de s&#039;\u00e9merveiller - Paroisse notre dame de l&#039;Assomption de HAM<\/title>\n<meta name=\"robots\" content=\"index, follow, max-snippet:-1, max-image-preview:large, max-video-preview:-1\" \/>\n<link rel=\"canonical\" href=\"https:\/\/paroisseham.fr\/index.php\/2025\/12\/20\/mot-du-cure-du-20-12-2025\/\" \/>\n<meta property=\"og:locale\" content=\"fr_FR\" \/>\n<meta property=\"og:type\" content=\"article\" \/>\n<meta property=\"og:title\" content=\"No\u00ebl, le temps de s&#039;\u00e9merveiller - Paroisse notre dame de l&#039;Assomption de HAM\" \/>\n<meta property=\"og:description\" content=\"No\u00ebl, le temps de nous \u00e9merveiller\u00a0!  Il est venu le temps de nous \u00e9merveiller. Il est venu le temps de nous r\u00e9jouir.\" \/>\n<meta property=\"og:url\" content=\"https:\/\/paroisseham.fr\/index.php\/2025\/12\/20\/mot-du-cure-du-20-12-2025\/\" \/>\n<meta property=\"og:site_name\" content=\"Paroisse notre dame de l&#039;Assomption de HAM\" \/>\n<meta property=\"article:publisher\" content=\"https:\/\/www.facebook.com\/ParoisseNDAssomptionHAM\" \/>\n<meta property=\"article:published_time\" content=\"2025-12-20T22:12:04+00:00\" \/>\n<meta property=\"article:modified_time\" content=\"2025-12-30T12:52:37+00:00\" \/>\n<meta property=\"og:image\" content=\"https:\/\/paroisseham.fr\/wp-content\/uploads\/pere-Georgino-RAMEAU.jpg\" \/>\n\t<meta property=\"og:image:width\" content=\"1181\" \/>\n\t<meta property=\"og:image:height\" content=\"1772\" \/>\n\t<meta property=\"og:image:type\" content=\"image\/jpeg\" \/>\n<meta name=\"author\" content=\"P\u00e8re Georgino RAMEAU\" \/>\n<meta name=\"twitter:card\" content=\"summary_large_image\" \/>\n<meta name=\"twitter:label1\" content=\"\u00c9crit par\" \/>\n\t<meta name=\"twitter:data1\" content=\"P\u00e8re Georgino RAMEAU\" \/>\n\t<meta name=\"twitter:label2\" content=\"Dur\u00e9e de lecture estim\u00e9e\" \/>\n\t<meta name=\"twitter:data2\" content=\"2 minutes\" \/>\n<script type=\"application\/ld+json\" class=\"yoast-schema-graph\">{\"@context\":\"https:\/\/schema.org\",\"@graph\":[{\"@type\":\"NewsArticle\",\"@id\":\"https:\/\/paroisseham.fr\/index.php\/2025\/12\/20\/mot-du-cure-du-20-12-2025\/#article\",\"isPartOf\":{\"@id\":\"https:\/\/paroisseham.fr\/index.php\/2025\/12\/20\/mot-du-cure-du-20-12-2025\/\"},\"author\":{\"name\":\"P\u00e8re Georgino RAMEAU\",\"@id\":\"https:\/\/paroisseham.fr\/#\/schema\/person\/4194d5b0ed695920b91e4b3d21edc7df\"},\"headline\":\"No\u00ebl, le temps de s&rsquo;\u00e9merveiller\",\"datePublished\":\"2025-12-20T22:12:04+00:00\",\"dateModified\":\"2025-12-30T12:52:37+00:00\",\"mainEntityOfPage\":{\"@id\":\"https:\/\/paroisseham.fr\/index.php\/2025\/12\/20\/mot-du-cure-du-20-12-2025\/\"},\"wordCount\":402,\"publisher\":{\"@id\":\"https:\/\/paroisseham.fr\/#organization\"},\"image\":{\"@id\":\"https:\/\/paroisseham.fr\/index.php\/2025\/12\/20\/mot-du-cure-du-20-12-2025\/#primaryimage\"},\"thumbnailUrl\":\"https:\/\/paroisseham.fr\/wp-content\/uploads\/pere-Georgino-RAMEAU.jpg\",\"articleSection\":[\"2025\",\"Mot du cur\u00e9\"],\"inLanguage\":\"fr-FR\"},{\"@type\":\"WebPage\",\"@id\":\"https:\/\/paroisseham.fr\/index.php\/2025\/12\/20\/mot-du-cure-du-20-12-2025\/\",\"url\":\"https:\/\/paroisseham.fr\/index.php\/2025\/12\/20\/mot-du-cure-du-20-12-2025\/\",\"name\":\"No\u00ebl, le temps de s'\u00e9merveiller - Paroisse notre dame de l&#039;Assomption de HAM\",\"isPartOf\":{\"@id\":\"https:\/\/paroisseham.fr\/#website\"},\"primaryImageOfPage\":{\"@id\":\"https:\/\/paroisseham.fr\/index.php\/2025\/12\/20\/mot-du-cure-du-20-12-2025\/#primaryimage\"},\"image\":{\"@id\":\"https:\/\/paroisseham.fr\/index.php\/2025\/12\/20\/mot-du-cure-du-20-12-2025\/#primaryimage\"},\"thumbnailUrl\":\"https:\/\/paroisseham.fr\/wp-content\/uploads\/pere-Georgino-RAMEAU.jpg\",\"datePublished\":\"2025-12-20T22:12:04+00:00\",\"dateModified\":\"2025-12-30T12:52:37+00:00\",\"breadcrumb\":{\"@id\":\"https:\/\/paroisseham.fr\/index.php\/2025\/12\/20\/mot-du-cure-du-20-12-2025\/#breadcrumb\"},\"inLanguage\":\"fr-FR\",\"potentialAction\":[{\"@type\":\"ReadAction\",\"target\":[\"https:\/\/paroisseham.fr\/index.php\/2025\/12\/20\/mot-du-cure-du-20-12-2025\/\"]}]},{\"@type\":\"ImageObject\",\"inLanguage\":\"fr-FR\",\"@id\":\"https:\/\/paroisseham.fr\/index.php\/2025\/12\/20\/mot-du-cure-du-20-12-2025\/#primaryimage\",\"url\":\"https:\/\/paroisseham.fr\/wp-content\/uploads\/pere-Georgino-RAMEAU.jpg\",\"contentUrl\":\"https:\/\/paroisseham.fr\/wp-content\/uploads\/pere-Georgino-RAMEAU.jpg\",\"width\":1181,\"height\":1772,\"caption\":\"P\u00e8re Georgino RAMEAU, Cur\u00e9\"},{\"@type\":\"BreadcrumbList\",\"@id\":\"https:\/\/paroisseham.fr\/index.php\/2025\/12\/20\/mot-du-cure-du-20-12-2025\/#breadcrumb\",\"itemListElement\":[{\"@type\":\"ListItem\",\"position\":1,\"name\":\"Accueil\",\"item\":\"https:\/\/paroisseham.fr\/\"},{\"@type\":\"ListItem\",\"position\":2,\"name\":\"No\u00ebl, le temps de s&rsquo;\u00e9merveiller\"}]},{\"@type\":\"WebSite\",\"@id\":\"https:\/\/paroisseham.fr\/#website\",\"url\":\"https:\/\/paroisseham.fr\/\",\"name\":\"Notre dame de l'assomption de HAM\",\"description\":\"Paroisse notre dame de l&#039;Assomption de HAM\",\"publisher\":{\"@id\":\"https:\/\/paroisseham.fr\/#organization\"},\"potentialAction\":[{\"@type\":\"SearchAction\",\"target\":{\"@type\":\"EntryPoint\",\"urlTemplate\":\"https:\/\/paroisseham.fr\/?s={search_term_string}\"},\"query-input\":{\"@type\":\"PropertyValueSpecification\",\"valueRequired\":true,\"valueName\":\"search_term_string\"}}],\"inLanguage\":\"fr-FR\"},{\"@type\":\"Organization\",\"@id\":\"https:\/\/paroisseham.fr\/#organization\",\"name\":\"Notre dame de l'assomption de HAM\",\"url\":\"https:\/\/paroisseham.fr\/\",\"logo\":{\"@type\":\"ImageObject\",\"inLanguage\":\"fr-FR\",\"@id\":\"https:\/\/paroisseham.fr\/#\/schema\/logo\/image\/\",\"url\":\"https:\/\/paroisseham.fr\/wp-content\/uploads\/cropped-logo.png\",\"contentUrl\":\"https:\/\/paroisseham.fr\/wp-content\/uploads\/cropped-logo.png\",\"width\":512,\"height\":512,\"caption\":\"Notre dame de l'assomption de HAM\"},\"image\":{\"@id\":\"https:\/\/paroisseham.fr\/#\/schema\/logo\/image\/\"},\"sameAs\":[\"https:\/\/www.facebook.com\/ParoisseNDAssomptionHAM\"]},{\"@type\":\"Person\",\"@id\":\"https:\/\/paroisseham.fr\/#\/schema\/person\/4194d5b0ed695920b91e4b3d21edc7df\",\"name\":\"P\u00e8re Georgino RAMEAU\",\"url\":\"https:\/\/paroisseham.fr\/index.php\/author\/grameau\/\"}]}<\/script>\n<!-- \/ Yoast SEO plugin. -->","yoast_head_json":{"title":"No\u00ebl, le temps de s'\u00e9merveiller - Paroisse notre dame de l&#039;Assomption de HAM","robots":{"index":"index","follow":"follow","max-snippet":"max-snippet:-1","max-image-preview":"max-image-preview:large","max-video-preview":"max-video-preview:-1"},"canonical":"https:\/\/paroisseham.fr\/index.php\/2025\/12\/20\/mot-du-cure-du-20-12-2025\/","og_locale":"fr_FR","og_type":"article","og_title":"No\u00ebl, le temps de s'\u00e9merveiller - Paroisse notre dame de l&#039;Assomption de HAM","og_description":"No\u00ebl, le temps de nous \u00e9merveiller\u00a0!  Il est venu le temps de nous \u00e9merveiller. Il est venu le temps de nous r\u00e9jouir.","og_url":"https:\/\/paroisseham.fr\/index.php\/2025\/12\/20\/mot-du-cure-du-20-12-2025\/","og_site_name":"Paroisse notre dame de l&#039;Assomption de HAM","article_publisher":"https:\/\/www.facebook.com\/ParoisseNDAssomptionHAM","article_published_time":"2025-12-20T22:12:04+00:00","article_modified_time":"2025-12-30T12:52:37+00:00","og_image":[{"width":1181,"height":1772,"url":"https:\/\/paroisseham.fr\/wp-content\/uploads\/pere-Georgino-RAMEAU.jpg","type":"image\/jpeg"}],"author":"P\u00e8re Georgino RAMEAU","twitter_card":"summary_large_image","twitter_misc":{"\u00c9crit par":"P\u00e8re Georgino RAMEAU","Dur\u00e9e de lecture estim\u00e9e":"2 minutes"},"schema":{"@context":"https:\/\/schema.org","@graph":[{"@type":"NewsArticle","@id":"https:\/\/paroisseham.fr\/index.php\/2025\/12\/20\/mot-du-cure-du-20-12-2025\/#article","isPartOf":{"@id":"https:\/\/paroisseham.fr\/index.php\/2025\/12\/20\/mot-du-cure-du-20-12-2025\/"},"author":{"name":"P\u00e8re Georgino RAMEAU","@id":"https:\/\/paroisseham.fr\/#\/schema\/person\/4194d5b0ed695920b91e4b3d21edc7df"},"headline":"No\u00ebl, le temps de s&rsquo;\u00e9merveiller","datePublished":"2025-12-20T22:12:04+00:00","dateModified":"2025-12-30T12:52:37+00:00","mainEntityOfPage":{"@id":"https:\/\/paroisseham.fr\/index.php\/2025\/12\/20\/mot-du-cure-du-20-12-2025\/"},"wordCount":402,"publisher":{"@id":"https:\/\/paroisseham.fr\/#organization"},"image":{"@id":"https:\/\/paroisseham.fr\/index.php\/2025\/12\/20\/mot-du-cure-du-20-12-2025\/#primaryimage"},"thumbnailUrl":"https:\/\/paroisseham.fr\/wp-content\/uploads\/pere-Georgino-RAMEAU.jpg","articleSection":["2025","Mot du cur\u00e9"],"inLanguage":"fr-FR"},{"@type":"WebPage","@id":"https:\/\/paroisseham.fr\/index.php\/2025\/12\/20\/mot-du-cure-du-20-12-2025\/","url":"https:\/\/paroisseham.fr\/index.php\/2025\/12\/20\/mot-du-cure-du-20-12-2025\/","name":"No\u00ebl, le temps de s'\u00e9merveiller - Paroisse notre dame de l&#039;Assomption de HAM","isPartOf":{"@id":"https:\/\/paroisseham.fr\/#website"},"primaryImageOfPage":{"@id":"https:\/\/paroisseham.fr\/index.php\/2025\/12\/20\/mot-du-cure-du-20-12-2025\/#primaryimage"},"image":{"@id":"https:\/\/paroisseham.fr\/index.php\/2025\/12\/20\/mot-du-cure-du-20-12-2025\/#primaryimage"},"thumbnailUrl":"https:\/\/paroisseham.fr\/wp-content\/uploads\/pere-Georgino-RAMEAU.jpg","datePublished":"2025-12-20T22:12:04+00:00","dateModified":"2025-12-30T12:52:37+00:00","breadcrumb":{"@id":"https:\/\/paroisseham.fr\/index.php\/2025\/12\/20\/mot-du-cure-du-20-12-2025\/#breadcrumb"},"inLanguage":"fr-FR","potentialAction":[{"@type":"ReadAction","target":["https:\/\/paroisseham.fr\/index.php\/2025\/12\/20\/mot-du-cure-du-20-12-2025\/"]}]},{"@type":"ImageObject","inLanguage":"fr-FR","@id":"https:\/\/paroisseham.fr\/index.php\/2025\/12\/20\/mot-du-cure-du-20-12-2025\/#primaryimage","url":"https:\/\/paroisseham.fr\/wp-content\/uploads\/pere-Georgino-RAMEAU.jpg","contentUrl":"https:\/\/paroisseham.fr\/wp-content\/uploads\/pere-Georgino-RAMEAU.jpg","width":1181,"height":1772,"caption":"P\u00e8re Georgino RAMEAU, Cur\u00e9"},{"@type":"BreadcrumbList","@id":"https:\/\/paroisseham.fr\/index.php\/2025\/12\/20\/mot-du-cure-du-20-12-2025\/#breadcrumb","itemListElement":[{"@type":"ListItem","position":1,"name":"Accueil","item":"https:\/\/paroisseham.fr\/"},{"@type":"ListItem","position":2,"name":"No\u00ebl, le temps de s&rsquo;\u00e9merveiller"}]},{"@type":"WebSite","@id":"https:\/\/paroisseham.fr\/#website","url":"https:\/\/paroisseham.fr\/","name":"Notre dame de l'assomption de HAM","description":"Paroisse notre dame de l&#039;Assomption de HAM","publisher":{"@id":"https:\/\/paroisseham.fr\/#organization"},"potentialAction":[{"@type":"SearchAction","target":{"@type":"EntryPoint","urlTemplate":"https:\/\/paroisseham.fr\/?s={search_term_string}"},"query-input":{"@type":"PropertyValueSpecification","valueRequired":true,"valueName":"search_term_string"}}],"inLanguage":"fr-FR"},{"@type":"Organization","@id":"https:\/\/paroisseham.fr\/#organization","name":"Notre dame de l'assomption de HAM","url":"https:\/\/paroisseham.fr\/","logo":{"@type":"ImageObject","inLanguage":"fr-FR","@id":"https:\/\/paroisseham.fr\/#\/schema\/logo\/image\/","url":"https:\/\/paroisseham.fr\/wp-content\/uploads\/cropped-logo.png","contentUrl":"https:\/\/paroisseham.fr\/wp-content\/uploads\/cropped-logo.png","width":512,"height":512,"caption":"Notre dame de l'assomption de HAM"},"image":{"@id":"https:\/\/paroisseham.fr\/#\/schema\/logo\/image\/"},"sameAs":["https:\/\/www.facebook.com\/ParoisseNDAssomptionHAM"]},{"@type":"Person","@id":"https:\/\/paroisseham.fr\/#\/schema\/person\/4194d5b0ed695920b91e4b3d21edc7df","name":"P\u00e8re Georgino RAMEAU","url":"https:\/\/paroisseham.fr\/index.php\/author\/grameau\/"}]}},"rttpg_featured_image_url":{"full":["https:\/\/paroisseham.fr\/wp-content\/uploads\/pere-Georgino-RAMEAU.jpg",1181,1772,false],"landscape":["https:\/\/paroisseham.fr\/wp-content\/uploads\/pere-Georgino-RAMEAU.jpg",1181,1772,false],"portraits":["https:\/\/paroisseham.fr\/wp-content\/uploads\/pere-Georgino-RAMEAU.jpg",1181,1772,false],"thumbnail":["https:\/\/paroisseham.fr\/wp-content\/uploads\/pere-Georgino-RAMEAU-150x150.jpg",150,150,true],"medium":["https:\/\/paroisseham.fr\/wp-content\/uploads\/pere-Georgino-RAMEAU-200x300.jpg",200,300,true],"large":["https:\/\/paroisseham.fr\/wp-content\/uploads\/pere-Georgino-RAMEAU-682x1024.jpg",682,1024,true],"1536x1536":["https:\/\/paroisseham.fr\/wp-content\/uploads\/pere-Georgino-RAMEAU-1024x1536.jpg",1024,1536,true],"2048x2048":["https:\/\/paroisseham.fr\/wp-content\/uploads\/pere-Georgino-RAMEAU.jpg",1181,1772,false],"thumb-small":["https:\/\/paroisseham.fr\/wp-content\/uploads\/pere-Georgino-RAMEAU-80x80.jpg",80,80,true],"thumb-standard":["https:\/\/paroisseham.fr\/wp-content\/uploads\/pere-Georgino-RAMEAU-320x320.jpg",320,320,true],"thumb-medium":["https:\/\/paroisseham.fr\/wp-content\/uploads\/pere-Georgino-RAMEAU-520x245.jpg",520,245,true],"thumb-large":["https:\/\/paroisseham.fr\/wp-content\/uploads\/pere-Georgino-RAMEAU-720x340.jpg",720,340,true],"thumb-xlarge":["https:\/\/paroisseham.fr\/wp-content\/uploads\/pere-Georgino-RAMEAU-980x450.jpg",980,450,true],"thumb-xxlarge":["https:\/\/paroisseham.fr\/wp-content\/uploads\/pere-Georgino-RAMEAU-1181x500.jpg",1181,500,true]},"rttpg_author":{"display_name":"P\u00e8re Georgino RAMEAU","author_link":"https:\/\/paroisseham.fr\/index.php\/author\/grameau\/"},"rttpg_comment":0,"rttpg_category":"<a href=\"https:\/\/paroisseham.fr\/index.php\/category\/2025\/\" rel=\"category tag\">2025<\/a> <a href=\"https:\/\/paroisseham.fr\/index.php\/category\/mot-du-cure\/\" rel=\"category tag\">Mot du cur\u00e9<\/a>","rttpg_excerpt":"No\u00ebl, le temps de nous \u00e9merveiller\u00a0! Il est venu le temps de nous \u00e9merveiller. Il est venu le temps de nous r\u00e9jouir.","_links":{"self":[{"href":"https:\/\/paroisseham.fr\/index.php\/wp-json\/wp\/v2\/posts\/193","targetHints":{"allow":["GET"]}}],"collection":[{"href":"https:\/\/paroisseham.fr\/index.php\/wp-json\/wp\/v2\/posts"}],"about":[{"href":"https:\/\/paroisseham.fr\/index.php\/wp-json\/wp\/v2\/types\/post"}],"author":[{"embeddable":true,"href":"https:\/\/paroisseham.fr\/index.php\/wp-json\/wp\/v2\/users\/4"}],"replies":[{"embeddable":true,"href":"https:\/\/paroisseham.fr\/index.php\/wp-json\/wp\/v2\/comments?post=193"}],"version-history":[{"count":7,"href":"https:\/\/paroisseham.fr\/index.php\/wp-json\/wp\/v2\/posts\/193\/revisions"}],"predecessor-version":[{"id":1357,"href":"https:\/\/paroisseham.fr\/index.php\/wp-json\/wp\/v2\/posts\/193\/revisions\/1357"}],"wp:featuredmedia":[{"embeddable":true,"href":"https:\/\/paroisseham.fr\/index.php\/wp-json\/wp\/v2\/media\/1348"}],"wp:attachment":[{"href":"https:\/\/paroisseham.fr\/index.php\/wp-json\/wp\/v2\/media?parent=193"}],"wp:term":[{"taxonomy":"category","embeddable":true,"href":"https:\/\/paroisseham.fr\/index.php\/wp-json\/wp\/v2\/categories?post=193"},{"taxonomy":"post_tag","embeddable":true,"href":"https:\/\/paroisseham.fr\/index.php\/wp-json\/wp\/v2\/tags?post=193"}],"curies":[{"name":"wp","href":"https:\/\/api.w.org\/{rel}","templated":true}]}}