{"id":1907,"date":"2026-03-09T21:46:14","date_gmt":"2026-03-09T20:46:14","guid":{"rendered":"https:\/\/paroisseham.fr\/?p=1907"},"modified":"2026-03-09T21:57:05","modified_gmt":"2026-03-09T20:57:05","slug":"journee-des-confirmands-amiens-7-mars-2026","status":"publish","type":"post","link":"https:\/\/paroisseham.fr\/index.php\/2026\/03\/09\/journee-des-confirmands-amiens-7-mars-2026\/","title":{"rendered":"Journ\u00e9e des Confirmands &#8211; Amiens 7 mars 2026"},"content":{"rendered":"\n<figure class=\"wp-block-image size-large\"><img loading=\"lazy\" decoding=\"async\" width=\"1024\" height=\"382\" src=\"https:\/\/paroisseham.fr\/wp-content\/uploads\/Rencontre-confirmands-Amiens-paroisse-de-Ham-journee-du-7-mars-2026-1024x382.png\" alt=\"\" class=\"wp-image-1906\" srcset=\"https:\/\/paroisseham.fr\/wp-content\/uploads\/Rencontre-confirmands-Amiens-paroisse-de-Ham-journee-du-7-mars-2026-1024x382.png 1024w, https:\/\/paroisseham.fr\/wp-content\/uploads\/Rencontre-confirmands-Amiens-paroisse-de-Ham-journee-du-7-mars-2026-300x112.png 300w, https:\/\/paroisseham.fr\/wp-content\/uploads\/Rencontre-confirmands-Amiens-paroisse-de-Ham-journee-du-7-mars-2026-768x287.png 768w, https:\/\/paroisseham.fr\/wp-content\/uploads\/Rencontre-confirmands-Amiens-paroisse-de-Ham-journee-du-7-mars-2026-1536x574.png 1536w, https:\/\/paroisseham.fr\/wp-content\/uploads\/Rencontre-confirmands-Amiens-paroisse-de-Ham-journee-du-7-mars-2026.png 2040w\" sizes=\"auto, (max-width: 1024px) 100vw, 1024px\" \/><\/figure>\n\n\n\n<p>Ce samedi 7 mars, tous les confirmands du dioc\u00e8se se sont retrouv\u00e9s \u00e0 Amiens, parmi eux, 5 jeunes de notre paroisse.<\/p>\n\n\n<div class=\"wp-block-image\">\n<figure class=\"alignleft size-large is-resized\"><img loading=\"lazy\" decoding=\"async\" width=\"713\" height=\"1024\" src=\"https:\/\/paroisseham.fr\/wp-content\/uploads\/Rencontre-confirmands-Amiens-paroisse-de-Ham-12-bis-713x1024.jpg\" alt=\"\" class=\"wp-image-1913\" style=\"aspect-ratio:0.6963148658811732;width:253px;height:auto\" srcset=\"https:\/\/paroisseham.fr\/wp-content\/uploads\/Rencontre-confirmands-Amiens-paroisse-de-Ham-12-bis-713x1024.jpg 713w, https:\/\/paroisseham.fr\/wp-content\/uploads\/Rencontre-confirmands-Amiens-paroisse-de-Ham-12-bis-209x300.jpg 209w, https:\/\/paroisseham.fr\/wp-content\/uploads\/Rencontre-confirmands-Amiens-paroisse-de-Ham-12-bis-768x1103.jpg 768w, https:\/\/paroisseham.fr\/wp-content\/uploads\/Rencontre-confirmands-Amiens-paroisse-de-Ham-12-bis-1070x1536.jpg 1070w, https:\/\/paroisseham.fr\/wp-content\/uploads\/Rencontre-confirmands-Amiens-paroisse-de-Ham-12-bis-1426x2048.jpg 1426w, https:\/\/paroisseham.fr\/wp-content\/uploads\/Rencontre-confirmands-Amiens-paroisse-de-Ham-12-bis-scaled.jpg 1783w\" sizes=\"auto, (max-width: 713px) 100vw, 713px\" \/><\/figure>\n<\/div>\n\n\n<p>Apr\u00e8s un accueil \u00e0 l&rsquo;\u00e9glise Saint Acheul par notre \u00e9v\u00eaque et la d\u00e9couverte de la vie de Saint Firmin, nous sommes partis en p\u00e8lerinage vers l&rsquo;\u00e9glise Saint Martin. Chaque jeune avait re\u00e7u une intention de pri\u00e8re d\u00e9pos\u00e9e par les paroissiens de notre dioc\u00e8se et nous avons pri\u00e9 le long du chemin vers Saint Martin. Le p\u00e8re Bertrand Ledieu leur a ensuite parl\u00e9 de la vie de ce saint, mod\u00e8le de charit\u00e9.<\/p>\n\n\n\n<p>Apr\u00e8s une pause d\u00e9jeuner bien m\u00e9rit\u00e9e, les jeunes ont pu d\u00e9couvrir des \u00e9l\u00e9ments de notre belle cath\u00e9drale en lien avec les 7 dons de l&rsquo;Esprit Saint et les Saints de nos champs missionnaires, afin de percevoir qu&rsquo;ils sont tous membres d&rsquo;un dioc\u00e8se et que la cath\u00e9drale est aussi leur \u00ab\u00a0maison\u00a0\u00bb. Cette belle et riche journ\u00e9e de partage s&rsquo;est termin\u00e9e avec la messe \u00e0 l&rsquo;\u00e9glise Saint Leu.<\/p>\n\n\n\n<p class=\"has-text-align-right\">Mme St\u00e9phanie Delebecque, d\u00e9l\u00e9gu\u00e9e pastorale<\/p>\n\n\n\n<figure class=\"wp-block-gallery has-nested-images columns-default is-cropped wp-block-gallery-1 is-layout-flex wp-block-gallery-is-layout-flex\">\n<figure class=\"wp-block-image size-large\"><a href=\"https:\/\/paroisseham.fr\/wp-content\/uploads\/Rencontre-confirmands-Amiens-paroisse-de-Ham-10-bis-scaled.jpg\" target=\"_blank\" rel=\" noreferrer noopener\"><img loading=\"lazy\" decoding=\"async\" width=\"1024\" height=\"329\" data-id=\"1912\" src=\"https:\/\/paroisseham.fr\/wp-content\/uploads\/Rencontre-confirmands-Amiens-paroisse-de-Ham-10-bis-1024x329.jpg\" alt=\"\" class=\"wp-image-1912\" srcset=\"https:\/\/paroisseham.fr\/wp-content\/uploads\/Rencontre-confirmands-Amiens-paroisse-de-Ham-10-bis-1024x329.jpg 1024w, https:\/\/paroisseham.fr\/wp-content\/uploads\/Rencontre-confirmands-Amiens-paroisse-de-Ham-10-bis-300x96.jpg 300w, https:\/\/paroisseham.fr\/wp-content\/uploads\/Rencontre-confirmands-Amiens-paroisse-de-Ham-10-bis-768x247.jpg 768w, https:\/\/paroisseham.fr\/wp-content\/uploads\/Rencontre-confirmands-Amiens-paroisse-de-Ham-10-bis-1536x493.jpg 1536w, https:\/\/paroisseham.fr\/wp-content\/uploads\/Rencontre-confirmands-Amiens-paroisse-de-Ham-10-bis-2048x657.jpg 2048w\" sizes=\"auto, (max-width: 1024px) 100vw, 1024px\" \/><\/a><figcaption class=\"wp-element-caption\">Vers Saint Martin<\/figcaption><\/figure>\n\n\n\n<figure class=\"wp-block-image size-large\"><a href=\"https:\/\/paroisseham.fr\/wp-content\/uploads\/Rencontre-confirmands-Amiens-paroisse-de-Ham-8-bis-scaled.jpg\" target=\"_blank\" rel=\" noreferrer noopener\"><img loading=\"lazy\" decoding=\"async\" width=\"1024\" height=\"402\" data-id=\"1911\" src=\"https:\/\/paroisseham.fr\/wp-content\/uploads\/Rencontre-confirmands-Amiens-paroisse-de-Ham-8-bis-1024x402.jpg\" alt=\"\" class=\"wp-image-1911\" srcset=\"https:\/\/paroisseham.fr\/wp-content\/uploads\/Rencontre-confirmands-Amiens-paroisse-de-Ham-8-bis-1024x402.jpg 1024w, https:\/\/paroisseham.fr\/wp-content\/uploads\/Rencontre-confirmands-Amiens-paroisse-de-Ham-8-bis-300x118.jpg 300w, https:\/\/paroisseham.fr\/wp-content\/uploads\/Rencontre-confirmands-Amiens-paroisse-de-Ham-8-bis-768x302.jpg 768w, https:\/\/paroisseham.fr\/wp-content\/uploads\/Rencontre-confirmands-Amiens-paroisse-de-Ham-8-bis-1536x604.jpg 1536w, https:\/\/paroisseham.fr\/wp-content\/uploads\/Rencontre-confirmands-Amiens-paroisse-de-Ham-8-bis-2048x805.jpg 2048w\" sizes=\"auto, (max-width: 1024px) 100vw, 1024px\" \/><\/a><figcaption class=\"wp-element-caption\">Pose \u00e0 Saint Acheul<\/figcaption><\/figure>\n\n\n\n<figure class=\"wp-block-image size-large\"><a href=\"https:\/\/paroisseham.fr\/wp-content\/uploads\/Rencontre-confirmands-Amiens-paroisse-de-Ham-6-bis-scaled.jpg\" target=\"_blank\" rel=\" noreferrer noopener\"><img loading=\"lazy\" decoding=\"async\" width=\"1024\" height=\"545\" data-id=\"1910\" src=\"https:\/\/paroisseham.fr\/wp-content\/uploads\/Rencontre-confirmands-Amiens-paroisse-de-Ham-6-bis-1024x545.jpg\" alt=\"\" class=\"wp-image-1910\" srcset=\"https:\/\/paroisseham.fr\/wp-content\/uploads\/Rencontre-confirmands-Amiens-paroisse-de-Ham-6-bis-1024x545.jpg 1024w, https:\/\/paroisseham.fr\/wp-content\/uploads\/Rencontre-confirmands-Amiens-paroisse-de-Ham-6-bis-300x160.jpg 300w, https:\/\/paroisseham.fr\/wp-content\/uploads\/Rencontre-confirmands-Amiens-paroisse-de-Ham-6-bis-768x409.jpg 768w, https:\/\/paroisseham.fr\/wp-content\/uploads\/Rencontre-confirmands-Amiens-paroisse-de-Ham-6-bis-1536x817.jpg 1536w, https:\/\/paroisseham.fr\/wp-content\/uploads\/Rencontre-confirmands-Amiens-paroisse-de-Ham-6-bis-2048x1089.jpg 2048w\" sizes=\"auto, (max-width: 1024px) 100vw, 1024px\" \/><\/a><figcaption class=\"wp-element-caption\">Confirmands autour de Madame Delebecque<\/figcaption><\/figure>\n\n\n\n<figure class=\"wp-block-image size-large\"><a href=\"https:\/\/paroisseham.fr\/wp-content\/uploads\/Rencontre-confirmands-Amiens-paroisse-de-Ham-4-bis-scaled.jpg\" target=\"_blank\" rel=\" noreferrer noopener\"><img loading=\"lazy\" decoding=\"async\" width=\"1024\" height=\"464\" data-id=\"1909\" src=\"https:\/\/paroisseham.fr\/wp-content\/uploads\/Rencontre-confirmands-Amiens-paroisse-de-Ham-4-bis-1024x464.jpg\" alt=\"\" class=\"wp-image-1909\" srcset=\"https:\/\/paroisseham.fr\/wp-content\/uploads\/Rencontre-confirmands-Amiens-paroisse-de-Ham-4-bis-1024x464.jpg 1024w, https:\/\/paroisseham.fr\/wp-content\/uploads\/Rencontre-confirmands-Amiens-paroisse-de-Ham-4-bis-300x136.jpg 300w, https:\/\/paroisseham.fr\/wp-content\/uploads\/Rencontre-confirmands-Amiens-paroisse-de-Ham-4-bis-768x348.jpg 768w, https:\/\/paroisseham.fr\/wp-content\/uploads\/Rencontre-confirmands-Amiens-paroisse-de-Ham-4-bis-1536x696.jpg 1536w, https:\/\/paroisseham.fr\/wp-content\/uploads\/Rencontre-confirmands-Amiens-paroisse-de-Ham-4-bis-2048x928.jpg 2048w\" sizes=\"auto, (max-width: 1024px) 100vw, 1024px\" \/><\/a><figcaption class=\"wp-element-caption\">Temps d&rsquo;enseignement<\/figcaption><\/figure>\n\n\n\n<figure class=\"wp-block-image size-large\"><a href=\"https:\/\/paroisseham.fr\/wp-content\/uploads\/Rencontre-confirmands-Amiens-paroisse-de-Ham-3-bis.png\" target=\"_blank\" rel=\" noreferrer noopener\"><img loading=\"lazy\" decoding=\"async\" width=\"1024\" height=\"768\" data-id=\"1908\" src=\"https:\/\/paroisseham.fr\/wp-content\/uploads\/Rencontre-confirmands-Amiens-paroisse-de-Ham-3-bis-1024x768.png\" alt=\"\" class=\"wp-image-1908\" srcset=\"https:\/\/paroisseham.fr\/wp-content\/uploads\/Rencontre-confirmands-Amiens-paroisse-de-Ham-3-bis-1024x768.png 1024w, https:\/\/paroisseham.fr\/wp-content\/uploads\/Rencontre-confirmands-Amiens-paroisse-de-Ham-3-bis-300x225.png 300w, https:\/\/paroisseham.fr\/wp-content\/uploads\/Rencontre-confirmands-Amiens-paroisse-de-Ham-3-bis-768x576.png 768w, https:\/\/paroisseham.fr\/wp-content\/uploads\/Rencontre-confirmands-Amiens-paroisse-de-Ham-3-bis-1536x1152.png 1536w, https:\/\/paroisseham.fr\/wp-content\/uploads\/Rencontre-confirmands-Amiens-paroisse-de-Ham-3-bis.png 2040w\" sizes=\"auto, (max-width: 1024px) 100vw, 1024px\" \/><\/a><figcaption class=\"wp-element-caption\">Photo souvenir<\/figcaption><\/figure>\n<\/figure>\n","protected":false},"excerpt":{"rendered":"<p>Ce samedi 7 mars, tous les confirmands du dioc\u00e8se se sont retrouv\u00e9s \u00e0 Amiens, parmi eux, 5 jeunes de notre paroisse. Apr\u00e8s un accueil \u00e0 l&rsquo;\u00e9glise Saint Acheul par notre \u00e9v\u00eaque et la d\u00e9couverte&#46;&#46;&#46;<\/p>\n","protected":false},"author":4,"featured_media":1906,"comment_status":"closed","ping_status":"closed","sticky":false,"template":"","format":"standard","meta":{"footnotes":""},"categories":[45,6,19,43,12,48],"tags":[],"class_list":["post-1907","post","type-post","status-publish","format-standard","has-post-thumbnail","hentry","category-45","category-communication","category-diocese","category-evenement","category-ham","category-jeunes"],"yoast_head":"<!-- This site is optimized with the Yoast SEO plugin v27.1.1 - https:\/\/yoast.com\/product\/yoast-seo-wordpress\/ -->\n<title>Journ\u00e9e des Confirmands - Amiens 7 mars 2026 - Paroisse notre dame de l&#039;Assomption de HAM<\/title>\n<meta name=\"robots\" content=\"index, follow, max-snippet:-1, max-image-preview:large, max-video-preview:-1\" \/>\n<link rel=\"canonical\" href=\"https:\/\/paroisseham.fr\/index.php\/2026\/03\/09\/journee-des-confirmands-amiens-7-mars-2026\/\" \/>\n<meta property=\"og:locale\" content=\"fr_FR\" \/>\n<meta property=\"og:type\" content=\"article\" \/>\n<meta property=\"og:title\" content=\"Journ\u00e9e des Confirmands - Amiens 7 mars 2026 - Paroisse notre dame de l&#039;Assomption de HAM\" \/>\n<meta property=\"og:description\" content=\"Ce samedi 7 mars, tous les confirmands du dioc\u00e8se se sont retrouv\u00e9s \u00e0 Amiens, parmi eux, 5 jeunes de notre paroisse. Apr\u00e8s un accueil \u00e0 l&rsquo;\u00e9glise Saint Acheul par notre \u00e9v\u00eaque et la d\u00e9couverte&#046;&#046;&#046;\" \/>\n<meta property=\"og:url\" content=\"https:\/\/paroisseham.fr\/index.php\/2026\/03\/09\/journee-des-confirmands-amiens-7-mars-2026\/\" \/>\n<meta property=\"og:site_name\" content=\"Paroisse notre dame de l&#039;Assomption de HAM\" \/>\n<meta property=\"article:publisher\" content=\"https:\/\/www.facebook.com\/ParoisseNDAssomptionHAM\" \/>\n<meta property=\"article:published_time\" content=\"2026-03-09T20:46:14+00:00\" \/>\n<meta property=\"article:modified_time\" content=\"2026-03-09T20:57:05+00:00\" \/>\n<meta property=\"og:image\" content=\"https:\/\/paroisseham.fr\/wp-content\/uploads\/Rencontre-confirmands-Amiens-paroisse-de-Ham-journee-du-7-mars-2026-1024x382.png\" \/>\n\t<meta property=\"og:image:width\" content=\"1024\" \/>\n\t<meta property=\"og:image:height\" content=\"382\" \/>\n\t<meta property=\"og:image:type\" content=\"image\/png\" \/>\n<meta name=\"author\" content=\"P\u00e8re Georgino RAMEAU\" \/>\n<meta name=\"twitter:card\" content=\"summary_large_image\" \/>\n<meta name=\"twitter:label1\" content=\"\u00c9crit par\" \/>\n\t<meta name=\"twitter:data1\" content=\"P\u00e8re Georgino RAMEAU\" \/>\n\t<meta name=\"twitter:label2\" content=\"Dur\u00e9e de lecture estim\u00e9e\" \/>\n\t<meta name=\"twitter:data2\" content=\"3 minutes\" \/>\n<script type=\"application\/ld+json\" class=\"yoast-schema-graph\">{\"@context\":\"https:\/\/schema.org\",\"@graph\":[{\"@type\":\"Article\",\"@id\":\"https:\/\/paroisseham.fr\/index.php\/2026\/03\/09\/journee-des-confirmands-amiens-7-mars-2026\/#article\",\"isPartOf\":{\"@id\":\"https:\/\/paroisseham.fr\/index.php\/2026\/03\/09\/journee-des-confirmands-amiens-7-mars-2026\/\"},\"author\":{\"name\":\"P\u00e8re Georgino RAMEAU\",\"@id\":\"https:\/\/paroisseham.fr\/#\/schema\/person\/4194d5b0ed695920b91e4b3d21edc7df\"},\"headline\":\"Journ\u00e9e des Confirmands &#8211; Amiens 7 mars 2026\",\"datePublished\":\"2026-03-09T20:46:14+00:00\",\"dateModified\":\"2026-03-09T20:57:05+00:00\",\"mainEntityOfPage\":{\"@id\":\"https:\/\/paroisseham.fr\/index.php\/2026\/03\/09\/journee-des-confirmands-amiens-7-mars-2026\/\"},\"wordCount\":215,\"publisher\":{\"@id\":\"https:\/\/paroisseham.fr\/#organization\"},\"image\":{\"@id\":\"https:\/\/paroisseham.fr\/index.php\/2026\/03\/09\/journee-des-confirmands-amiens-7-mars-2026\/#primaryimage\"},\"thumbnailUrl\":\"https:\/\/paroisseham.fr\/wp-content\/uploads\/Rencontre-confirmands-Amiens-paroisse-de-Ham-journee-du-7-mars-2026.png\",\"articleSection\":[\"2026\",\"Communication\",\"Dioc\u00e8se\",\"Ev\u00e8nement\",\"Ham\",\"Jeunes\"],\"inLanguage\":\"fr-FR\"},{\"@type\":\"WebPage\",\"@id\":\"https:\/\/paroisseham.fr\/index.php\/2026\/03\/09\/journee-des-confirmands-amiens-7-mars-2026\/\",\"url\":\"https:\/\/paroisseham.fr\/index.php\/2026\/03\/09\/journee-des-confirmands-amiens-7-mars-2026\/\",\"name\":\"Journ\u00e9e des Confirmands - Amiens 7 mars 2026 - Paroisse notre dame de l&#039;Assomption de HAM\",\"isPartOf\":{\"@id\":\"https:\/\/paroisseham.fr\/#website\"},\"primaryImageOfPage\":{\"@id\":\"https:\/\/paroisseham.fr\/index.php\/2026\/03\/09\/journee-des-confirmands-amiens-7-mars-2026\/#primaryimage\"},\"image\":{\"@id\":\"https:\/\/paroisseham.fr\/index.php\/2026\/03\/09\/journee-des-confirmands-amiens-7-mars-2026\/#primaryimage\"},\"thumbnailUrl\":\"https:\/\/paroisseham.fr\/wp-content\/uploads\/Rencontre-confirmands-Amiens-paroisse-de-Ham-journee-du-7-mars-2026.png\",\"datePublished\":\"2026-03-09T20:46:14+00:00\",\"dateModified\":\"2026-03-09T20:57:05+00:00\",\"breadcrumb\":{\"@id\":\"https:\/\/paroisseham.fr\/index.php\/2026\/03\/09\/journee-des-confirmands-amiens-7-mars-2026\/#breadcrumb\"},\"inLanguage\":\"fr-FR\",\"potentialAction\":[{\"@type\":\"ReadAction\",\"target\":[\"https:\/\/paroisseham.fr\/index.php\/2026\/03\/09\/journee-des-confirmands-amiens-7-mars-2026\/\"]}]},{\"@type\":\"ImageObject\",\"inLanguage\":\"fr-FR\",\"@id\":\"https:\/\/paroisseham.fr\/index.php\/2026\/03\/09\/journee-des-confirmands-amiens-7-mars-2026\/#primaryimage\",\"url\":\"https:\/\/paroisseham.fr\/wp-content\/uploads\/Rencontre-confirmands-Amiens-paroisse-de-Ham-journee-du-7-mars-2026.png\",\"contentUrl\":\"https:\/\/paroisseham.fr\/wp-content\/uploads\/Rencontre-confirmands-Amiens-paroisse-de-Ham-journee-du-7-mars-2026.png\",\"width\":2040,\"height\":762},{\"@type\":\"BreadcrumbList\",\"@id\":\"https:\/\/paroisseham.fr\/index.php\/2026\/03\/09\/journee-des-confirmands-amiens-7-mars-2026\/#breadcrumb\",\"itemListElement\":[{\"@type\":\"ListItem\",\"position\":1,\"name\":\"Accueil\",\"item\":\"https:\/\/paroisseham.fr\/\"},{\"@type\":\"ListItem\",\"position\":2,\"name\":\"Journ\u00e9e des Confirmands &#8211; Amiens 7 mars 2026\"}]},{\"@type\":\"WebSite\",\"@id\":\"https:\/\/paroisseham.fr\/#website\",\"url\":\"https:\/\/paroisseham.fr\/\",\"name\":\"Notre dame de l'assomption de HAM\",\"description\":\"Paroisse notre dame de l&#039;Assomption de HAM\",\"publisher\":{\"@id\":\"https:\/\/paroisseham.fr\/#organization\"},\"potentialAction\":[{\"@type\":\"SearchAction\",\"target\":{\"@type\":\"EntryPoint\",\"urlTemplate\":\"https:\/\/paroisseham.fr\/?s={search_term_string}\"},\"query-input\":{\"@type\":\"PropertyValueSpecification\",\"valueRequired\":true,\"valueName\":\"search_term_string\"}}],\"inLanguage\":\"fr-FR\"},{\"@type\":\"Organization\",\"@id\":\"https:\/\/paroisseham.fr\/#organization\",\"name\":\"Notre dame de l'assomption de HAM\",\"url\":\"https:\/\/paroisseham.fr\/\",\"logo\":{\"@type\":\"ImageObject\",\"inLanguage\":\"fr-FR\",\"@id\":\"https:\/\/paroisseham.fr\/#\/schema\/logo\/image\/\",\"url\":\"https:\/\/paroisseham.fr\/wp-content\/uploads\/cropped-logo.png\",\"contentUrl\":\"https:\/\/paroisseham.fr\/wp-content\/uploads\/cropped-logo.png\",\"width\":512,\"height\":512,\"caption\":\"Notre dame de l'assomption de HAM\"},\"image\":{\"@id\":\"https:\/\/paroisseham.fr\/#\/schema\/logo\/image\/\"},\"sameAs\":[\"https:\/\/www.facebook.com\/ParoisseNDAssomptionHAM\"]},{\"@type\":\"Person\",\"@id\":\"https:\/\/paroisseham.fr\/#\/schema\/person\/4194d5b0ed695920b91e4b3d21edc7df\",\"name\":\"P\u00e8re Georgino RAMEAU\",\"url\":\"https:\/\/paroisseham.fr\/index.php\/author\/grameau\/\"}]}<\/script>\n<!-- \/ Yoast SEO plugin. -->","yoast_head_json":{"title":"Journ\u00e9e des Confirmands - Amiens 7 mars 2026 - Paroisse notre dame de l&#039;Assomption de HAM","robots":{"index":"index","follow":"follow","max-snippet":"max-snippet:-1","max-image-preview":"max-image-preview:large","max-video-preview":"max-video-preview:-1"},"canonical":"https:\/\/paroisseham.fr\/index.php\/2026\/03\/09\/journee-des-confirmands-amiens-7-mars-2026\/","og_locale":"fr_FR","og_type":"article","og_title":"Journ\u00e9e des Confirmands - Amiens 7 mars 2026 - Paroisse notre dame de l&#039;Assomption de HAM","og_description":"Ce samedi 7 mars, tous les confirmands du dioc\u00e8se se sont retrouv\u00e9s \u00e0 Amiens, parmi eux, 5 jeunes de notre paroisse. Apr\u00e8s un accueil \u00e0 l&rsquo;\u00e9glise Saint Acheul par notre \u00e9v\u00eaque et la d\u00e9couverte&#46;&#46;&#46;","og_url":"https:\/\/paroisseham.fr\/index.php\/2026\/03\/09\/journee-des-confirmands-amiens-7-mars-2026\/","og_site_name":"Paroisse notre dame de l&#039;Assomption de HAM","article_publisher":"https:\/\/www.facebook.com\/ParoisseNDAssomptionHAM","article_published_time":"2026-03-09T20:46:14+00:00","article_modified_time":"2026-03-09T20:57:05+00:00","og_image":[{"width":1024,"height":382,"url":"https:\/\/paroisseham.fr\/wp-content\/uploads\/Rencontre-confirmands-Amiens-paroisse-de-Ham-journee-du-7-mars-2026-1024x382.png","type":"image\/png"}],"author":"P\u00e8re Georgino RAMEAU","twitter_card":"summary_large_image","twitter_misc":{"\u00c9crit par":"P\u00e8re Georgino RAMEAU","Dur\u00e9e de lecture estim\u00e9e":"3 minutes"},"schema":{"@context":"https:\/\/schema.org","@graph":[{"@type":"Article","@id":"https:\/\/paroisseham.fr\/index.php\/2026\/03\/09\/journee-des-confirmands-amiens-7-mars-2026\/#article","isPartOf":{"@id":"https:\/\/paroisseham.fr\/index.php\/2026\/03\/09\/journee-des-confirmands-amiens-7-mars-2026\/"},"author":{"name":"P\u00e8re Georgino RAMEAU","@id":"https:\/\/paroisseham.fr\/#\/schema\/person\/4194d5b0ed695920b91e4b3d21edc7df"},"headline":"Journ\u00e9e des Confirmands &#8211; Amiens 7 mars 2026","datePublished":"2026-03-09T20:46:14+00:00","dateModified":"2026-03-09T20:57:05+00:00","mainEntityOfPage":{"@id":"https:\/\/paroisseham.fr\/index.php\/2026\/03\/09\/journee-des-confirmands-amiens-7-mars-2026\/"},"wordCount":215,"publisher":{"@id":"https:\/\/paroisseham.fr\/#organization"},"image":{"@id":"https:\/\/paroisseham.fr\/index.php\/2026\/03\/09\/journee-des-confirmands-amiens-7-mars-2026\/#primaryimage"},"thumbnailUrl":"https:\/\/paroisseham.fr\/wp-content\/uploads\/Rencontre-confirmands-Amiens-paroisse-de-Ham-journee-du-7-mars-2026.png","articleSection":["2026","Communication","Dioc\u00e8se","Ev\u00e8nement","Ham","Jeunes"],"inLanguage":"fr-FR"},{"@type":"WebPage","@id":"https:\/\/paroisseham.fr\/index.php\/2026\/03\/09\/journee-des-confirmands-amiens-7-mars-2026\/","url":"https:\/\/paroisseham.fr\/index.php\/2026\/03\/09\/journee-des-confirmands-amiens-7-mars-2026\/","name":"Journ\u00e9e des Confirmands - Amiens 7 mars 2026 - Paroisse notre dame de l&#039;Assomption de HAM","isPartOf":{"@id":"https:\/\/paroisseham.fr\/#website"},"primaryImageOfPage":{"@id":"https:\/\/paroisseham.fr\/index.php\/2026\/03\/09\/journee-des-confirmands-amiens-7-mars-2026\/#primaryimage"},"image":{"@id":"https:\/\/paroisseham.fr\/index.php\/2026\/03\/09\/journee-des-confirmands-amiens-7-mars-2026\/#primaryimage"},"thumbnailUrl":"https:\/\/paroisseham.fr\/wp-content\/uploads\/Rencontre-confirmands-Amiens-paroisse-de-Ham-journee-du-7-mars-2026.png","datePublished":"2026-03-09T20:46:14+00:00","dateModified":"2026-03-09T20:57:05+00:00","breadcrumb":{"@id":"https:\/\/paroisseham.fr\/index.php\/2026\/03\/09\/journee-des-confirmands-amiens-7-mars-2026\/#breadcrumb"},"inLanguage":"fr-FR","potentialAction":[{"@type":"ReadAction","target":["https:\/\/paroisseham.fr\/index.php\/2026\/03\/09\/journee-des-confirmands-amiens-7-mars-2026\/"]}]},{"@type":"ImageObject","inLanguage":"fr-FR","@id":"https:\/\/paroisseham.fr\/index.php\/2026\/03\/09\/journee-des-confirmands-amiens-7-mars-2026\/#primaryimage","url":"https:\/\/paroisseham.fr\/wp-content\/uploads\/Rencontre-confirmands-Amiens-paroisse-de-Ham-journee-du-7-mars-2026.png","contentUrl":"https:\/\/paroisseham.fr\/wp-content\/uploads\/Rencontre-confirmands-Amiens-paroisse-de-Ham-journee-du-7-mars-2026.png","width":2040,"height":762},{"@type":"BreadcrumbList","@id":"https:\/\/paroisseham.fr\/index.php\/2026\/03\/09\/journee-des-confirmands-amiens-7-mars-2026\/#breadcrumb","itemListElement":[{"@type":"ListItem","position":1,"name":"Accueil","item":"https:\/\/paroisseham.fr\/"},{"@type":"ListItem","position":2,"name":"Journ\u00e9e des Confirmands &#8211; Amiens 7 mars 2026"}]},{"@type":"WebSite","@id":"https:\/\/paroisseham.fr\/#website","url":"https:\/\/paroisseham.fr\/","name":"Notre dame de l'assomption de HAM","description":"Paroisse notre dame de l&#039;Assomption de HAM","publisher":{"@id":"https:\/\/paroisseham.fr\/#organization"},"potentialAction":[{"@type":"SearchAction","target":{"@type":"EntryPoint","urlTemplate":"https:\/\/paroisseham.fr\/?s={search_term_string}"},"query-input":{"@type":"PropertyValueSpecification","valueRequired":true,"valueName":"search_term_string"}}],"inLanguage":"fr-FR"},{"@type":"Organization","@id":"https:\/\/paroisseham.fr\/#organization","name":"Notre dame de l'assomption de HAM","url":"https:\/\/paroisseham.fr\/","logo":{"@type":"ImageObject","inLanguage":"fr-FR","@id":"https:\/\/paroisseham.fr\/#\/schema\/logo\/image\/","url":"https:\/\/paroisseham.fr\/wp-content\/uploads\/cropped-logo.png","contentUrl":"https:\/\/paroisseham.fr\/wp-content\/uploads\/cropped-logo.png","width":512,"height":512,"caption":"Notre dame de l'assomption de HAM"},"image":{"@id":"https:\/\/paroisseham.fr\/#\/schema\/logo\/image\/"},"sameAs":["https:\/\/www.facebook.com\/ParoisseNDAssomptionHAM"]},{"@type":"Person","@id":"https:\/\/paroisseham.fr\/#\/schema\/person\/4194d5b0ed695920b91e4b3d21edc7df","name":"P\u00e8re Georgino RAMEAU","url":"https:\/\/paroisseham.fr\/index.php\/author\/grameau\/"}]}},"rttpg_featured_image_url":{"full":["https:\/\/paroisseham.fr\/wp-content\/uploads\/Rencontre-confirmands-Amiens-paroisse-de-Ham-journee-du-7-mars-2026.png",2040,762,false],"landscape":["https:\/\/paroisseham.fr\/wp-content\/uploads\/Rencontre-confirmands-Amiens-paroisse-de-Ham-journee-du-7-mars-2026.png",2040,762,false],"portraits":["https:\/\/paroisseham.fr\/wp-content\/uploads\/Rencontre-confirmands-Amiens-paroisse-de-Ham-journee-du-7-mars-2026.png",2040,762,false],"thumbnail":["https:\/\/paroisseham.fr\/wp-content\/uploads\/Rencontre-confirmands-Amiens-paroisse-de-Ham-journee-du-7-mars-2026-150x150.png",150,150,true],"medium":["https:\/\/paroisseham.fr\/wp-content\/uploads\/Rencontre-confirmands-Amiens-paroisse-de-Ham-journee-du-7-mars-2026-300x112.png",300,112,true],"large":["https:\/\/paroisseham.fr\/wp-content\/uploads\/Rencontre-confirmands-Amiens-paroisse-de-Ham-journee-du-7-mars-2026-1024x382.png",1024,382,true],"1536x1536":["https:\/\/paroisseham.fr\/wp-content\/uploads\/Rencontre-confirmands-Amiens-paroisse-de-Ham-journee-du-7-mars-2026-1536x574.png",1536,574,true],"2048x2048":["https:\/\/paroisseham.fr\/wp-content\/uploads\/Rencontre-confirmands-Amiens-paroisse-de-Ham-journee-du-7-mars-2026.png",2040,762,false],"thumb-small":["https:\/\/paroisseham.fr\/wp-content\/uploads\/Rencontre-confirmands-Amiens-paroisse-de-Ham-journee-du-7-mars-2026-80x80.png",80,80,true],"thumb-standard":["https:\/\/paroisseham.fr\/wp-content\/uploads\/Rencontre-confirmands-Amiens-paroisse-de-Ham-journee-du-7-mars-2026-320x320.png",320,320,true],"thumb-medium":["https:\/\/paroisseham.fr\/wp-content\/uploads\/Rencontre-confirmands-Amiens-paroisse-de-Ham-journee-du-7-mars-2026-520x245.png",520,245,true],"thumb-large":["https:\/\/paroisseham.fr\/wp-content\/uploads\/Rencontre-confirmands-Amiens-paroisse-de-Ham-journee-du-7-mars-2026-720x340.png",720,340,true],"thumb-xlarge":["https:\/\/paroisseham.fr\/wp-content\/uploads\/Rencontre-confirmands-Amiens-paroisse-de-Ham-journee-du-7-mars-2026-980x450.png",980,450,true],"thumb-xxlarge":["https:\/\/paroisseham.fr\/wp-content\/uploads\/Rencontre-confirmands-Amiens-paroisse-de-Ham-journee-du-7-mars-2026-1320x500.png",1320,500,true]},"rttpg_author":{"display_name":"P\u00e8re Georgino RAMEAU","author_link":"https:\/\/paroisseham.fr\/index.php\/author\/grameau\/"},"rttpg_comment":0,"rttpg_category":"<a href=\"https:\/\/paroisseham.fr\/index.php\/category\/2026\/\" rel=\"category tag\">2026<\/a> <a href=\"https:\/\/paroisseham.fr\/index.php\/category\/communication\/\" rel=\"category tag\">Communication<\/a> <a href=\"https:\/\/paroisseham.fr\/index.php\/category\/diocese\/\" rel=\"category tag\">Dioc\u00e8se<\/a> <a href=\"https:\/\/paroisseham.fr\/index.php\/category\/evenement\/\" rel=\"category tag\">Ev\u00e8nement<\/a> <a href=\"https:\/\/paroisseham.fr\/index.php\/category\/lieux\/ham\/\" rel=\"category tag\">Ham<\/a> <a href=\"https:\/\/paroisseham.fr\/index.php\/category\/jeunes\/\" rel=\"category tag\">Jeunes<\/a>","rttpg_excerpt":"Ce samedi 7 mars, tous les confirmands du dioc\u00e8se se sont retrouv\u00e9s \u00e0 Amiens, parmi eux, 5 jeunes de notre paroisse. Apr\u00e8s un accueil \u00e0 l&rsquo;\u00e9glise Saint Acheul par notre \u00e9v\u00eaque et la d\u00e9couverte&#46;&#46;&#46;","_links":{"self":[{"href":"https:\/\/paroisseham.fr\/index.php\/wp-json\/wp\/v2\/posts\/1907","targetHints":{"allow":["GET"]}}],"collection":[{"href":"https:\/\/paroisseham.fr\/index.php\/wp-json\/wp\/v2\/posts"}],"about":[{"href":"https:\/\/paroisseham.fr\/index.php\/wp-json\/wp\/v2\/types\/post"}],"author":[{"embeddable":true,"href":"https:\/\/paroisseham.fr\/index.php\/wp-json\/wp\/v2\/users\/4"}],"replies":[{"embeddable":true,"href":"https:\/\/paroisseham.fr\/index.php\/wp-json\/wp\/v2\/comments?post=1907"}],"version-history":[{"count":2,"href":"https:\/\/paroisseham.fr\/index.php\/wp-json\/wp\/v2\/posts\/1907\/revisions"}],"predecessor-version":[{"id":1916,"href":"https:\/\/paroisseham.fr\/index.php\/wp-json\/wp\/v2\/posts\/1907\/revisions\/1916"}],"wp:featuredmedia":[{"embeddable":true,"href":"https:\/\/paroisseham.fr\/index.php\/wp-json\/wp\/v2\/media\/1906"}],"wp:attachment":[{"href":"https:\/\/paroisseham.fr\/index.php\/wp-json\/wp\/v2\/media?parent=1907"}],"wp:term":[{"taxonomy":"category","embeddable":true,"href":"https:\/\/paroisseham.fr\/index.php\/wp-json\/wp\/v2\/categories?post=1907"},{"taxonomy":"post_tag","embeddable":true,"href":"https:\/\/paroisseham.fr\/index.php\/wp-json\/wp\/v2\/tags?post=1907"}],"curies":[{"name":"wp","href":"https:\/\/api.w.org\/{rel}","templated":true}]}}