{"id":1893,"date":"2026-03-06T21:34:49","date_gmt":"2026-03-06T20:34:49","guid":{"rendered":"https:\/\/paroisseham.fr\/?p=1893"},"modified":"2026-03-06T21:36:10","modified_gmt":"2026-03-06T20:36:10","slug":"reaction-des-eveques-de-france-suite-au-vote-solennel-de-lassemblee-nationale-sur-la-fin-de-vie","status":"publish","type":"post","link":"https:\/\/paroisseham.fr\/index.php\/2026\/03\/06\/reaction-des-eveques-de-france-suite-au-vote-solennel-de-lassemblee-nationale-sur-la-fin-de-vie\/","title":{"rendered":"R\u00e9action des \u00e9v\u00eaques de France suite au vote solennel de l\u2019Assembl\u00e9e nationale sur la fin de vie."},"content":{"rendered":"<div class=\"wp-block-image\">\n<figure class=\"aligncenter size-full\"><img loading=\"lazy\" decoding=\"async\" width=\"300\" height=\"161\" src=\"https:\/\/paroisseham.fr\/wp-content\/uploads\/logo-cef-Ham-2026-1.png\" alt=\"\" class=\"wp-image-1898\"\/><\/figure>\n<\/div>\n\n\n<p>La Conf\u00e9rence des \u00e9v\u00eaques de France prend acte du vote solennel intervenu le 25 f\u00e9vrier 2026 en faveur des propositions de loi relatives \u00e0 \u00ab l\u2019accompagnement et aux soins palliatifs \u00bb ainsi qu\u2019\u00e0 \u00ab l\u2019aide \u00e0 mourir \u00bb.<br>Elle se r\u00e9jouit que le renforcement des soins palliatifs, condition indispensable pour garantir le soulagement de la douleur et l\u2019accompagnement digne de toute personne en fin de vie, ait \u00e9t\u00e9 inscrit dans la loi. Le d\u00e9veloppement effectif de ces soins sur l\u2019ensemble du territoire demeure une exigence prioritaire et un imp\u00e9ratif de justice.<br>Cependant, la Conf\u00e9rence des \u00e9v\u00eaques de France exprime une nouvelle fois et avec gravit\u00e9 sa profonde opposition \u00e0 l\u2019adoption d\u2019un dispositif l\u00e9galisant l\u2019euthanasie et le suicide assist\u00e9. <a href=\"https:\/\/paroisseham.fr\/wp-content\/uploads\/CEF-Suite-au-vote-solennel-des-deputes_Fin-de-vie.pdf\" type=\"link\" id=\"https:\/\/paroisseham.fr\/wp-content\/uploads\/CEF-Suite-au-vote-solennel-des-deputes_Fin-de-vie.pdf\">Lire la suite<\/a><\/p>\n","protected":false},"excerpt":{"rendered":"<p>La Conf\u00e9rence des \u00e9v\u00eaques de France prend acte du vote solennel intervenu le 25 f\u00e9vrier 2026 en faveur des propositions de loi relatives \u00e0 \u00ab l\u2019accompagnement et aux soins palliatifs \u00bb ainsi qu\u2019\u00e0 \u00ab&#46;&#46;&#46;<\/p>\n","protected":false},"author":4,"featured_media":1898,"comment_status":"closed","ping_status":"closed","sticky":false,"template":"","format":"standard","meta":{"footnotes":""},"categories":[45,19,43],"tags":[],"class_list":["post-1893","post","type-post","status-publish","format-standard","has-post-thumbnail","hentry","category-45","category-diocese","category-evenement"],"yoast_head":"<!-- This site is optimized with the Yoast SEO plugin v27.1.1 - https:\/\/yoast.com\/product\/yoast-seo-wordpress\/ -->\n<title>R\u00e9action des \u00e9v\u00eaques de France suite au vote solennel de l\u2019Assembl\u00e9e nationale sur la fin de vie. - Paroisse notre dame de l&#039;Assomption de HAM<\/title>\n<meta name=\"robots\" content=\"index, follow, max-snippet:-1, max-image-preview:large, max-video-preview:-1\" \/>\n<link rel=\"canonical\" href=\"https:\/\/paroisseham.fr\/index.php\/2026\/03\/06\/reaction-des-eveques-de-france-suite-au-vote-solennel-de-lassemblee-nationale-sur-la-fin-de-vie\/\" \/>\n<meta property=\"og:locale\" content=\"fr_FR\" \/>\n<meta property=\"og:type\" content=\"article\" \/>\n<meta property=\"og:title\" content=\"R\u00e9action des \u00e9v\u00eaques de France suite au vote solennel de l\u2019Assembl\u00e9e nationale sur la fin de vie. - Paroisse notre dame de l&#039;Assomption de HAM\" \/>\n<meta property=\"og:description\" content=\"La Conf\u00e9rence des \u00e9v\u00eaques de France prend acte du vote solennel intervenu le 25 f\u00e9vrier 2026 en faveur des propositions de loi relatives \u00e0 \u00ab l\u2019accompagnement et aux soins palliatifs \u00bb ainsi qu\u2019\u00e0 \u00ab&#046;&#046;&#046;\" \/>\n<meta property=\"og:url\" content=\"https:\/\/paroisseham.fr\/index.php\/2026\/03\/06\/reaction-des-eveques-de-france-suite-au-vote-solennel-de-lassemblee-nationale-sur-la-fin-de-vie\/\" \/>\n<meta property=\"og:site_name\" content=\"Paroisse notre dame de l&#039;Assomption de HAM\" \/>\n<meta property=\"article:publisher\" content=\"https:\/\/www.facebook.com\/ParoisseNDAssomptionHAM\" \/>\n<meta property=\"article:published_time\" content=\"2026-03-06T20:34:49+00:00\" \/>\n<meta property=\"article:modified_time\" content=\"2026-03-06T20:36:10+00:00\" \/>\n<meta property=\"og:image\" content=\"https:\/\/paroisseham.fr\/wp-content\/uploads\/logo-cef-Ham-2026-1.png\" \/>\n\t<meta property=\"og:image:width\" content=\"300\" \/>\n\t<meta property=\"og:image:height\" content=\"161\" \/>\n\t<meta property=\"og:image:type\" content=\"image\/png\" \/>\n<meta name=\"author\" content=\"P\u00e8re Georgino RAMEAU\" \/>\n<meta name=\"twitter:card\" content=\"summary_large_image\" \/>\n<meta name=\"twitter:label1\" content=\"\u00c9crit par\" \/>\n\t<meta name=\"twitter:data1\" content=\"P\u00e8re Georgino RAMEAU\" \/>\n\t<meta name=\"twitter:label2\" content=\"Dur\u00e9e de lecture estim\u00e9e\" \/>\n\t<meta name=\"twitter:data2\" content=\"1 minute\" \/>\n<script type=\"application\/ld+json\" class=\"yoast-schema-graph\">{\"@context\":\"https:\/\/schema.org\",\"@graph\":[{\"@type\":\"Article\",\"@id\":\"https:\/\/paroisseham.fr\/index.php\/2026\/03\/06\/reaction-des-eveques-de-france-suite-au-vote-solennel-de-lassemblee-nationale-sur-la-fin-de-vie\/#article\",\"isPartOf\":{\"@id\":\"https:\/\/paroisseham.fr\/index.php\/2026\/03\/06\/reaction-des-eveques-de-france-suite-au-vote-solennel-de-lassemblee-nationale-sur-la-fin-de-vie\/\"},\"author\":{\"name\":\"P\u00e8re Georgino RAMEAU\",\"@id\":\"https:\/\/paroisseham.fr\/#\/schema\/person\/4194d5b0ed695920b91e4b3d21edc7df\"},\"headline\":\"R\u00e9action des \u00e9v\u00eaques de France suite au vote solennel de l\u2019Assembl\u00e9e nationale sur la fin de vie.\",\"datePublished\":\"2026-03-06T20:34:49+00:00\",\"dateModified\":\"2026-03-06T20:36:10+00:00\",\"mainEntityOfPage\":{\"@id\":\"https:\/\/paroisseham.fr\/index.php\/2026\/03\/06\/reaction-des-eveques-de-france-suite-au-vote-solennel-de-lassemblee-nationale-sur-la-fin-de-vie\/\"},\"wordCount\":149,\"publisher\":{\"@id\":\"https:\/\/paroisseham.fr\/#organization\"},\"image\":{\"@id\":\"https:\/\/paroisseham.fr\/index.php\/2026\/03\/06\/reaction-des-eveques-de-france-suite-au-vote-solennel-de-lassemblee-nationale-sur-la-fin-de-vie\/#primaryimage\"},\"thumbnailUrl\":\"https:\/\/paroisseham.fr\/wp-content\/uploads\/logo-cef-Ham-2026-1.png\",\"articleSection\":[\"2026\",\"Dioc\u00e8se\",\"Ev\u00e8nement\"],\"inLanguage\":\"fr-FR\"},{\"@type\":\"WebPage\",\"@id\":\"https:\/\/paroisseham.fr\/index.php\/2026\/03\/06\/reaction-des-eveques-de-france-suite-au-vote-solennel-de-lassemblee-nationale-sur-la-fin-de-vie\/\",\"url\":\"https:\/\/paroisseham.fr\/index.php\/2026\/03\/06\/reaction-des-eveques-de-france-suite-au-vote-solennel-de-lassemblee-nationale-sur-la-fin-de-vie\/\",\"name\":\"R\u00e9action des \u00e9v\u00eaques de France suite au vote solennel de l\u2019Assembl\u00e9e nationale sur la fin de vie. - Paroisse notre dame de l&#039;Assomption de HAM\",\"isPartOf\":{\"@id\":\"https:\/\/paroisseham.fr\/#website\"},\"primaryImageOfPage\":{\"@id\":\"https:\/\/paroisseham.fr\/index.php\/2026\/03\/06\/reaction-des-eveques-de-france-suite-au-vote-solennel-de-lassemblee-nationale-sur-la-fin-de-vie\/#primaryimage\"},\"image\":{\"@id\":\"https:\/\/paroisseham.fr\/index.php\/2026\/03\/06\/reaction-des-eveques-de-france-suite-au-vote-solennel-de-lassemblee-nationale-sur-la-fin-de-vie\/#primaryimage\"},\"thumbnailUrl\":\"https:\/\/paroisseham.fr\/wp-content\/uploads\/logo-cef-Ham-2026-1.png\",\"datePublished\":\"2026-03-06T20:34:49+00:00\",\"dateModified\":\"2026-03-06T20:36:10+00:00\",\"breadcrumb\":{\"@id\":\"https:\/\/paroisseham.fr\/index.php\/2026\/03\/06\/reaction-des-eveques-de-france-suite-au-vote-solennel-de-lassemblee-nationale-sur-la-fin-de-vie\/#breadcrumb\"},\"inLanguage\":\"fr-FR\",\"potentialAction\":[{\"@type\":\"ReadAction\",\"target\":[\"https:\/\/paroisseham.fr\/index.php\/2026\/03\/06\/reaction-des-eveques-de-france-suite-au-vote-solennel-de-lassemblee-nationale-sur-la-fin-de-vie\/\"]}]},{\"@type\":\"ImageObject\",\"inLanguage\":\"fr-FR\",\"@id\":\"https:\/\/paroisseham.fr\/index.php\/2026\/03\/06\/reaction-des-eveques-de-france-suite-au-vote-solennel-de-lassemblee-nationale-sur-la-fin-de-vie\/#primaryimage\",\"url\":\"https:\/\/paroisseham.fr\/wp-content\/uploads\/logo-cef-Ham-2026-1.png\",\"contentUrl\":\"https:\/\/paroisseham.fr\/wp-content\/uploads\/logo-cef-Ham-2026-1.png\",\"width\":300,\"height\":161},{\"@type\":\"BreadcrumbList\",\"@id\":\"https:\/\/paroisseham.fr\/index.php\/2026\/03\/06\/reaction-des-eveques-de-france-suite-au-vote-solennel-de-lassemblee-nationale-sur-la-fin-de-vie\/#breadcrumb\",\"itemListElement\":[{\"@type\":\"ListItem\",\"position\":1,\"name\":\"Accueil\",\"item\":\"https:\/\/paroisseham.fr\/\"},{\"@type\":\"ListItem\",\"position\":2,\"name\":\"R\u00e9action des \u00e9v\u00eaques de France suite au vote solennel de l\u2019Assembl\u00e9e nationale sur la fin de vie.\"}]},{\"@type\":\"WebSite\",\"@id\":\"https:\/\/paroisseham.fr\/#website\",\"url\":\"https:\/\/paroisseham.fr\/\",\"name\":\"Notre dame de l'assomption de HAM\",\"description\":\"Paroisse notre dame de l&#039;Assomption de HAM\",\"publisher\":{\"@id\":\"https:\/\/paroisseham.fr\/#organization\"},\"potentialAction\":[{\"@type\":\"SearchAction\",\"target\":{\"@type\":\"EntryPoint\",\"urlTemplate\":\"https:\/\/paroisseham.fr\/?s={search_term_string}\"},\"query-input\":{\"@type\":\"PropertyValueSpecification\",\"valueRequired\":true,\"valueName\":\"search_term_string\"}}],\"inLanguage\":\"fr-FR\"},{\"@type\":\"Organization\",\"@id\":\"https:\/\/paroisseham.fr\/#organization\",\"name\":\"Notre dame de l'assomption de HAM\",\"url\":\"https:\/\/paroisseham.fr\/\",\"logo\":{\"@type\":\"ImageObject\",\"inLanguage\":\"fr-FR\",\"@id\":\"https:\/\/paroisseham.fr\/#\/schema\/logo\/image\/\",\"url\":\"https:\/\/paroisseham.fr\/wp-content\/uploads\/cropped-logo.png\",\"contentUrl\":\"https:\/\/paroisseham.fr\/wp-content\/uploads\/cropped-logo.png\",\"width\":512,\"height\":512,\"caption\":\"Notre dame de l'assomption de HAM\"},\"image\":{\"@id\":\"https:\/\/paroisseham.fr\/#\/schema\/logo\/image\/\"},\"sameAs\":[\"https:\/\/www.facebook.com\/ParoisseNDAssomptionHAM\"]},{\"@type\":\"Person\",\"@id\":\"https:\/\/paroisseham.fr\/#\/schema\/person\/4194d5b0ed695920b91e4b3d21edc7df\",\"name\":\"P\u00e8re Georgino RAMEAU\",\"url\":\"https:\/\/paroisseham.fr\/index.php\/author\/grameau\/\"}]}<\/script>\n<!-- \/ Yoast SEO plugin. -->","yoast_head_json":{"title":"R\u00e9action des \u00e9v\u00eaques de France suite au vote solennel de l\u2019Assembl\u00e9e nationale sur la fin de vie. - Paroisse notre dame de l&#039;Assomption de HAM","robots":{"index":"index","follow":"follow","max-snippet":"max-snippet:-1","max-image-preview":"max-image-preview:large","max-video-preview":"max-video-preview:-1"},"canonical":"https:\/\/paroisseham.fr\/index.php\/2026\/03\/06\/reaction-des-eveques-de-france-suite-au-vote-solennel-de-lassemblee-nationale-sur-la-fin-de-vie\/","og_locale":"fr_FR","og_type":"article","og_title":"R\u00e9action des \u00e9v\u00eaques de France suite au vote solennel de l\u2019Assembl\u00e9e nationale sur la fin de vie. - Paroisse notre dame de l&#039;Assomption de HAM","og_description":"La Conf\u00e9rence des \u00e9v\u00eaques de France prend acte du vote solennel intervenu le 25 f\u00e9vrier 2026 en faveur des propositions de loi relatives \u00e0 \u00ab l\u2019accompagnement et aux soins palliatifs \u00bb ainsi qu\u2019\u00e0 \u00ab&#46;&#46;&#46;","og_url":"https:\/\/paroisseham.fr\/index.php\/2026\/03\/06\/reaction-des-eveques-de-france-suite-au-vote-solennel-de-lassemblee-nationale-sur-la-fin-de-vie\/","og_site_name":"Paroisse notre dame de l&#039;Assomption de HAM","article_publisher":"https:\/\/www.facebook.com\/ParoisseNDAssomptionHAM","article_published_time":"2026-03-06T20:34:49+00:00","article_modified_time":"2026-03-06T20:36:10+00:00","og_image":[{"width":300,"height":161,"url":"https:\/\/paroisseham.fr\/wp-content\/uploads\/logo-cef-Ham-2026-1.png","type":"image\/png"}],"author":"P\u00e8re Georgino RAMEAU","twitter_card":"summary_large_image","twitter_misc":{"\u00c9crit par":"P\u00e8re Georgino RAMEAU","Dur\u00e9e de lecture estim\u00e9e":"1 minute"},"schema":{"@context":"https:\/\/schema.org","@graph":[{"@type":"Article","@id":"https:\/\/paroisseham.fr\/index.php\/2026\/03\/06\/reaction-des-eveques-de-france-suite-au-vote-solennel-de-lassemblee-nationale-sur-la-fin-de-vie\/#article","isPartOf":{"@id":"https:\/\/paroisseham.fr\/index.php\/2026\/03\/06\/reaction-des-eveques-de-france-suite-au-vote-solennel-de-lassemblee-nationale-sur-la-fin-de-vie\/"},"author":{"name":"P\u00e8re Georgino RAMEAU","@id":"https:\/\/paroisseham.fr\/#\/schema\/person\/4194d5b0ed695920b91e4b3d21edc7df"},"headline":"R\u00e9action des \u00e9v\u00eaques de France suite au vote solennel de l\u2019Assembl\u00e9e nationale sur la fin de vie.","datePublished":"2026-03-06T20:34:49+00:00","dateModified":"2026-03-06T20:36:10+00:00","mainEntityOfPage":{"@id":"https:\/\/paroisseham.fr\/index.php\/2026\/03\/06\/reaction-des-eveques-de-france-suite-au-vote-solennel-de-lassemblee-nationale-sur-la-fin-de-vie\/"},"wordCount":149,"publisher":{"@id":"https:\/\/paroisseham.fr\/#organization"},"image":{"@id":"https:\/\/paroisseham.fr\/index.php\/2026\/03\/06\/reaction-des-eveques-de-france-suite-au-vote-solennel-de-lassemblee-nationale-sur-la-fin-de-vie\/#primaryimage"},"thumbnailUrl":"https:\/\/paroisseham.fr\/wp-content\/uploads\/logo-cef-Ham-2026-1.png","articleSection":["2026","Dioc\u00e8se","Ev\u00e8nement"],"inLanguage":"fr-FR"},{"@type":"WebPage","@id":"https:\/\/paroisseham.fr\/index.php\/2026\/03\/06\/reaction-des-eveques-de-france-suite-au-vote-solennel-de-lassemblee-nationale-sur-la-fin-de-vie\/","url":"https:\/\/paroisseham.fr\/index.php\/2026\/03\/06\/reaction-des-eveques-de-france-suite-au-vote-solennel-de-lassemblee-nationale-sur-la-fin-de-vie\/","name":"R\u00e9action des \u00e9v\u00eaques de France suite au vote solennel de l\u2019Assembl\u00e9e nationale sur la fin de vie. - Paroisse notre dame de l&#039;Assomption de HAM","isPartOf":{"@id":"https:\/\/paroisseham.fr\/#website"},"primaryImageOfPage":{"@id":"https:\/\/paroisseham.fr\/index.php\/2026\/03\/06\/reaction-des-eveques-de-france-suite-au-vote-solennel-de-lassemblee-nationale-sur-la-fin-de-vie\/#primaryimage"},"image":{"@id":"https:\/\/paroisseham.fr\/index.php\/2026\/03\/06\/reaction-des-eveques-de-france-suite-au-vote-solennel-de-lassemblee-nationale-sur-la-fin-de-vie\/#primaryimage"},"thumbnailUrl":"https:\/\/paroisseham.fr\/wp-content\/uploads\/logo-cef-Ham-2026-1.png","datePublished":"2026-03-06T20:34:49+00:00","dateModified":"2026-03-06T20:36:10+00:00","breadcrumb":{"@id":"https:\/\/paroisseham.fr\/index.php\/2026\/03\/06\/reaction-des-eveques-de-france-suite-au-vote-solennel-de-lassemblee-nationale-sur-la-fin-de-vie\/#breadcrumb"},"inLanguage":"fr-FR","potentialAction":[{"@type":"ReadAction","target":["https:\/\/paroisseham.fr\/index.php\/2026\/03\/06\/reaction-des-eveques-de-france-suite-au-vote-solennel-de-lassemblee-nationale-sur-la-fin-de-vie\/"]}]},{"@type":"ImageObject","inLanguage":"fr-FR","@id":"https:\/\/paroisseham.fr\/index.php\/2026\/03\/06\/reaction-des-eveques-de-france-suite-au-vote-solennel-de-lassemblee-nationale-sur-la-fin-de-vie\/#primaryimage","url":"https:\/\/paroisseham.fr\/wp-content\/uploads\/logo-cef-Ham-2026-1.png","contentUrl":"https:\/\/paroisseham.fr\/wp-content\/uploads\/logo-cef-Ham-2026-1.png","width":300,"height":161},{"@type":"BreadcrumbList","@id":"https:\/\/paroisseham.fr\/index.php\/2026\/03\/06\/reaction-des-eveques-de-france-suite-au-vote-solennel-de-lassemblee-nationale-sur-la-fin-de-vie\/#breadcrumb","itemListElement":[{"@type":"ListItem","position":1,"name":"Accueil","item":"https:\/\/paroisseham.fr\/"},{"@type":"ListItem","position":2,"name":"R\u00e9action des \u00e9v\u00eaques de France suite au vote solennel de l\u2019Assembl\u00e9e nationale sur la fin de vie."}]},{"@type":"WebSite","@id":"https:\/\/paroisseham.fr\/#website","url":"https:\/\/paroisseham.fr\/","name":"Notre dame de l'assomption de HAM","description":"Paroisse notre dame de l&#039;Assomption de HAM","publisher":{"@id":"https:\/\/paroisseham.fr\/#organization"},"potentialAction":[{"@type":"SearchAction","target":{"@type":"EntryPoint","urlTemplate":"https:\/\/paroisseham.fr\/?s={search_term_string}"},"query-input":{"@type":"PropertyValueSpecification","valueRequired":true,"valueName":"search_term_string"}}],"inLanguage":"fr-FR"},{"@type":"Organization","@id":"https:\/\/paroisseham.fr\/#organization","name":"Notre dame de l'assomption de HAM","url":"https:\/\/paroisseham.fr\/","logo":{"@type":"ImageObject","inLanguage":"fr-FR","@id":"https:\/\/paroisseham.fr\/#\/schema\/logo\/image\/","url":"https:\/\/paroisseham.fr\/wp-content\/uploads\/cropped-logo.png","contentUrl":"https:\/\/paroisseham.fr\/wp-content\/uploads\/cropped-logo.png","width":512,"height":512,"caption":"Notre dame de l'assomption de HAM"},"image":{"@id":"https:\/\/paroisseham.fr\/#\/schema\/logo\/image\/"},"sameAs":["https:\/\/www.facebook.com\/ParoisseNDAssomptionHAM"]},{"@type":"Person","@id":"https:\/\/paroisseham.fr\/#\/schema\/person\/4194d5b0ed695920b91e4b3d21edc7df","name":"P\u00e8re Georgino RAMEAU","url":"https:\/\/paroisseham.fr\/index.php\/author\/grameau\/"}]}},"rttpg_featured_image_url":{"full":["https:\/\/paroisseham.fr\/wp-content\/uploads\/logo-cef-Ham-2026-1.png",300,161,false],"landscape":["https:\/\/paroisseham.fr\/wp-content\/uploads\/logo-cef-Ham-2026-1.png",300,161,false],"portraits":["https:\/\/paroisseham.fr\/wp-content\/uploads\/logo-cef-Ham-2026-1.png",300,161,false],"thumbnail":["https:\/\/paroisseham.fr\/wp-content\/uploads\/logo-cef-Ham-2026-1-150x150.png",150,150,true],"medium":["https:\/\/paroisseham.fr\/wp-content\/uploads\/logo-cef-Ham-2026-1.png",300,161,false],"large":["https:\/\/paroisseham.fr\/wp-content\/uploads\/logo-cef-Ham-2026-1.png",300,161,false],"1536x1536":["https:\/\/paroisseham.fr\/wp-content\/uploads\/logo-cef-Ham-2026-1.png",300,161,false],"2048x2048":["https:\/\/paroisseham.fr\/wp-content\/uploads\/logo-cef-Ham-2026-1.png",300,161,false],"thumb-small":["https:\/\/paroisseham.fr\/wp-content\/uploads\/logo-cef-Ham-2026-1-80x80.png",80,80,true],"thumb-standard":["https:\/\/paroisseham.fr\/wp-content\/uploads\/logo-cef-Ham-2026-1.png",300,161,false],"thumb-medium":["https:\/\/paroisseham.fr\/wp-content\/uploads\/logo-cef-Ham-2026-1.png",300,161,false],"thumb-large":["https:\/\/paroisseham.fr\/wp-content\/uploads\/logo-cef-Ham-2026-1.png",300,161,false],"thumb-xlarge":["https:\/\/paroisseham.fr\/wp-content\/uploads\/logo-cef-Ham-2026-1.png",300,161,false],"thumb-xxlarge":["https:\/\/paroisseham.fr\/wp-content\/uploads\/logo-cef-Ham-2026-1.png",300,161,false]},"rttpg_author":{"display_name":"P\u00e8re Georgino RAMEAU","author_link":"https:\/\/paroisseham.fr\/index.php\/author\/grameau\/"},"rttpg_comment":0,"rttpg_category":"<a href=\"https:\/\/paroisseham.fr\/index.php\/category\/2026\/\" rel=\"category tag\">2026<\/a> <a href=\"https:\/\/paroisseham.fr\/index.php\/category\/diocese\/\" rel=\"category tag\">Dioc\u00e8se<\/a> <a href=\"https:\/\/paroisseham.fr\/index.php\/category\/evenement\/\" rel=\"category tag\">Ev\u00e8nement<\/a>","rttpg_excerpt":"La Conf\u00e9rence des \u00e9v\u00eaques de France prend acte du vote solennel intervenu le 25 f\u00e9vrier 2026 en faveur des propositions de loi relatives \u00e0 \u00ab l\u2019accompagnement et aux soins palliatifs \u00bb ainsi qu\u2019\u00e0 \u00ab&#46;&#46;&#46;","_links":{"self":[{"href":"https:\/\/paroisseham.fr\/index.php\/wp-json\/wp\/v2\/posts\/1893","targetHints":{"allow":["GET"]}}],"collection":[{"href":"https:\/\/paroisseham.fr\/index.php\/wp-json\/wp\/v2\/posts"}],"about":[{"href":"https:\/\/paroisseham.fr\/index.php\/wp-json\/wp\/v2\/types\/post"}],"author":[{"embeddable":true,"href":"https:\/\/paroisseham.fr\/index.php\/wp-json\/wp\/v2\/users\/4"}],"replies":[{"embeddable":true,"href":"https:\/\/paroisseham.fr\/index.php\/wp-json\/wp\/v2\/comments?post=1893"}],"version-history":[{"count":3,"href":"https:\/\/paroisseham.fr\/index.php\/wp-json\/wp\/v2\/posts\/1893\/revisions"}],"predecessor-version":[{"id":1901,"href":"https:\/\/paroisseham.fr\/index.php\/wp-json\/wp\/v2\/posts\/1893\/revisions\/1901"}],"wp:featuredmedia":[{"embeddable":true,"href":"https:\/\/paroisseham.fr\/index.php\/wp-json\/wp\/v2\/media\/1898"}],"wp:attachment":[{"href":"https:\/\/paroisseham.fr\/index.php\/wp-json\/wp\/v2\/media?parent=1893"}],"wp:term":[{"taxonomy":"category","embeddable":true,"href":"https:\/\/paroisseham.fr\/index.php\/wp-json\/wp\/v2\/categories?post=1893"},{"taxonomy":"post_tag","embeddable":true,"href":"https:\/\/paroisseham.fr\/index.php\/wp-json\/wp\/v2\/tags?post=1893"}],"curies":[{"name":"wp","href":"https:\/\/api.w.org\/{rel}","templated":true}]}}