{"id":1777,"date":"2026-01-20T11:23:17","date_gmt":"2026-01-20T10:23:17","guid":{"rendered":"https:\/\/paroisseham.fr\/?p=1777"},"modified":"2026-02-10T21:11:22","modified_gmt":"2026-02-10T20:11:22","slug":"semaine-de-priere-pour-lunite-des-chretiens-du-18-au-25-janvier-2026","status":"publish","type":"post","link":"https:\/\/paroisseham.fr\/index.php\/2026\/01\/20\/semaine-de-priere-pour-lunite-des-chretiens-du-18-au-25-janvier-2026\/","title":{"rendered":"Semaine de pri\u00e8re pour l\u2019unit\u00e9 des chr\u00e9tiens, du 18 au 25 janvier 2026"},"content":{"rendered":"\n<div class=\"wp-block-group is-vertical is-layout-flex wp-container-core-group-is-layout-8cf370e7 wp-block-group-is-layout-flex\">\n<div class=\"wp-block-group is-vertical is-content-justification-center is-layout-flex wp-container-core-group-is-layout-4b2eccd6 wp-block-group-is-layout-flex\">\n<p class=\"has-text-align-center\">\u00ab<strong>\u00a0<em>Il y a un seul corps et un seul Esprit, <\/em><\/strong><\/p>\n\n\n\n<p class=\"has-text-align-center\"><strong><em>de m\u00eame que votre vocation vous a appel\u00e9s <\/em><\/strong><\/p>\n\n\n\n<p class=\"has-text-align-center\"><strong><em>\u00e0 une seule esp\u00e9rance\u00a0\u00bb<\/em><\/strong> (\u00c9ph\u00e9siens 4,4).<\/p>\n<\/div>\n\n\n\n<figure class=\"wp-block-image size-full\"><img loading=\"lazy\" decoding=\"async\" width=\"724\" height=\"1024\" src=\"https:\/\/paroisseham.fr\/wp-content\/uploads\/Unite-des-chretiens.jpg\" alt=\"\" class=\"wp-image-1779\" srcset=\"https:\/\/paroisseham.fr\/wp-content\/uploads\/Unite-des-chretiens.jpg 724w, https:\/\/paroisseham.fr\/wp-content\/uploads\/Unite-des-chretiens-212x300.jpg 212w\" sizes=\"auto, (max-width: 724px) 100vw, 724px\" \/><\/figure>\n<\/div>\n\n\n\n<p>Au c\u0153ur de la foi chr\u00e9tienne se rencontre une r\u00e9alit\u00e9 fondamentale et essentielle&nbsp;: l\u2019appel \u00e0 la saintet\u00e9&nbsp;: \u00ab&nbsp;<em>Soyez saints, car moi, le Seigneur votre Dieu, je suis saint.<\/em>&nbsp;\u00bb (L\u00e9vitique 19, 2), ou encore&nbsp;: \u00ab&nbsp;<em>Vous donc, vous serez parfaits comme votre P\u00e8re c\u00e9leste est parfait&nbsp;\u00bb <\/em>(Matthieu 5, 48). Mais que l\u2019on ne s\u2019y trompe pas. Si l\u2019un des sens du mot saintet\u00e9 signifie \u00ab&nbsp;\u00eatre mis \u00e0 part&nbsp;\u00bb ou \u00ab&nbsp;\u00eatre s\u00e9par\u00e9&nbsp;\u00bb pour Dieu, la saintet\u00e9 est une vocation qui implique une mani\u00e8re de vivre communautaire, dont l\u2019authenticit\u00e9 se v\u00e9rifie dans la qualit\u00e9 de la relation fraternelle. C\u2019est pour devenir une famille, un peuple que le Seigneur nous appelle. Ce peuple de croyants forme un m\u00eame et unique corps dont le Christ est la t\u00eate. Un seul Esprit le guide et le sanctifie, plong\u00e9 dans un m\u00eame et unique bapt\u00eame, il partage la vie m\u00eame de Dieu et conna\u00eet une m\u00eame esp\u00e9rance. C\u2019est en tant que membre \u00e0 part enti\u00e8re d\u2019un unique corps que chaque baptis\u00e9 se trouve appel\u00e9 et envoy\u00e9 t\u00e9moigner de la foi commune et annoncer le r\u00e8gne de Dieu.<\/p>\n\n\n\n<p>De ce point de vue, les chr\u00e9tiens sont appel\u00e9s \u00e0 s\u2019interroger sur leur esp\u00e9rance. Qu\u2019attendons-nous de la vie et de Dieu, qu\u2019est-ce qui fait battre notre c\u0153ur&nbsp;? Qu\u2019est-ce qui nous pousse \u00e0 nous mettre en route&nbsp;? Quel est l\u2019horizon de nos existences, de nos engagements et de nos combats&nbsp;? Que cherchons-nous ou encore que devons-nous chercher en vivant notre vie de croyants chr\u00e9tiens sur terre, au milieu et en lien avec ceux avec qui nous partageons une m\u00eame foi et une m\u00eame esp\u00e9rance&nbsp;?<\/p>\n\n\n\n<p>Par le bapt\u00eame, le baptis\u00e9 est plong\u00e9 en Dieu qui est \u00e0 la fois Un et Trine, c\u2019est-\u00e0-dire un seul Dieu \u00e0 la fois P\u00e8re, Fils et Esprit-Saint. Donc, tout chr\u00e9tien re\u00e7oit la gr\u00e2ce baptismal qui lui donne d\u2019assumer ad\u00e9quatement son identit\u00e9 dans la singularit\u00e9 de ce qu\u2019il est au c\u0153ur d\u2019une communaut\u00e9 eccl\u00e9siale ouverte, o\u00f9 d\u2019autres ont re\u00e7u le m\u00eame appel et partagent la m\u00eame gr\u00e2ce que lui. Dela m\u00eame mani\u00e8re que la diversit\u00e9 au sein de la Trinit\u00e9 ne cr\u00e9e pas de division ni de confusion en Dieu, le chr\u00e9tien est capable d\u2019assumer son identit\u00e9 commune qu\u2019il partage avec des fr\u00e8res et des s\u0153urs qui lui sont semblables et diff\u00e9rents \u00e0 la fois, dans une vie de communion et d\u2019unit\u00e9.<\/p>\n\n\n\n<p>La semaine de pri\u00e8re pour l\u2019unit\u00e9 des chr\u00e9tiens est l\u2019occasion pour nous catholiques de la paroisse de Ham d\u2019entendre \u00e0 nouveau l\u2019appel qui nous est lanc\u00e9 pour vivre dans l\u2019unit\u00e9 et la communion, dans le respect et l\u2019accueil de l\u2019autre en tant qu\u2019\u00eatre unique. Le Seigneur J\u00e9sus nous l\u2019a enseign\u00e9&nbsp;: c\u2019est par notre mani\u00e8re de vivre unis dans l\u2019amour mutuel, dans l\u2019acceptation mutuelle, dans l\u2019accueil r\u00e9ciproque et constant que le monde saura que nous sommes ses disciples. Oui, c\u2019est en nous aimant les uns les autres que la foi pourra \u00eatre suscit\u00e9 chez nos contemporains.<\/p>\n\n\n\n<p>Nous devons pouvoir nous ouvrir alors vers d\u2019autres chr\u00e9tiens qui ne sont pas catholiques, mais qui partagent une m\u00eame esp\u00e9rance que nous. Nous pourrons alors entendre l\u2019appel de Dieu qui ne cesse de retentir, \u00e0 ce que nous devenions des artisans de paix au c\u0153ur du monde. Il nous est demand\u00e9 d\u2019accueillir la libert\u00e9 m\u00eame de Dieu qui nous a cr\u00e9\u00e9s diff\u00e9rents, \u00e0 son image et \u00e0 sa ressemblance. Il nous faut accepter la p\u00e9dagogie de Dieu qui ajuste continuellement son appel \u00e0 la diversit\u00e9 des hommes, marqu\u00e9s par la culture et le contexte socio-politique et religieux o\u00f9 ils \u00e9voluent. La diversit\u00e9 de contextes et situations g\u00e9opolitiques ne doivent pas \u00eatre une barri\u00e8re pour entendre l\u2019appel universel que Dieu nous lance \u00e0 devenir artisans de paix dans le monde, en vivant en communion les uns avec les autres. Nous sommes tous chr\u00e9tiens et nous appartenons \u00e0 l\u2019unique Christ, qui a souffert, qui est mort et ressuscit\u00e9 pour nous.<\/p>\n\n\n\n<p>Bonne semaine de pri\u00e8re pour l\u2019unit\u00e9 des chr\u00e9tiens \u00e0 chacun de vous. Pensons et prions pour nos tous fr\u00e8res qui partagent la m\u00eame foi chr\u00e9tienne avec nous, sur tout le territoire de notre paroisse. Que chaque baptis\u00e9 essaie tout au moins de prier pour ceux et celles qui nous sont unis par une m\u00eame foi et une m\u00eame esp\u00e9rance. Prions pour que sachions vivre ensemble et que nous nous efforcions \u00e0 surmonter tout tentation de division et de rejet, toute attitude de m\u00e9pris et d\u2019adversit\u00e9, et que notre foi v\u00e9cue \u00e0 la mani\u00e8re de Dieu ne conduise jamais aux tensions, aux divisions et aux guerres fratricides.<\/p>\n\n\n\n<p>Puissent nos efforts de conformer notre vie \u00e0 notre foi contribuer \u00e0 tout effort pour construire un monde toujours plus fraternel et solidaire, o\u00f9 chacun pourra vivre en paix.<\/p>\n\n\n\n<p>Bonne semaine de pri\u00e8re pour l\u2019unit\u00e9 des chr\u00e9tiens.<\/p>\n\n\n\n<p>P. Georgino RAMEAU, spsj.<\/p>\n","protected":false},"excerpt":{"rendered":"<p>\u00ab\u00a0Il y a un seul corps et un seul Esprit, de m\u00eame que votre vocation vous a appel\u00e9s \u00e0 une seule esp\u00e9rance\u00a0\u00bb (\u00c9ph\u00e9siens 4,4). Au c\u0153ur de la foi chr\u00e9tienne se rencontre une r\u00e9alit\u00e9&#46;&#46;&#46;<\/p>\n","protected":false},"author":4,"featured_media":1779,"comment_status":"closed","ping_status":"closed","sticky":false,"template":"","format":"standard","meta":{"footnotes":""},"categories":[45,9],"tags":[],"class_list":["post-1777","post","type-post","status-publish","format-standard","has-post-thumbnail","hentry","category-45","category-mot-du-cure"],"yoast_head":"<!-- This site is optimized with the Yoast SEO plugin v27.1.1 - https:\/\/yoast.com\/product\/yoast-seo-wordpress\/ -->\n<title>Semaine de pri\u00e8re pour l\u2019unit\u00e9 des chr\u00e9tiens, du 18 au 25 janvier 2026 - Paroisse notre dame de l&#039;Assomption de HAM<\/title>\n<meta name=\"robots\" content=\"index, follow, max-snippet:-1, max-image-preview:large, max-video-preview:-1\" \/>\n<link rel=\"canonical\" href=\"https:\/\/paroisseham.fr\/index.php\/2026\/01\/20\/semaine-de-priere-pour-lunite-des-chretiens-du-18-au-25-janvier-2026\/\" \/>\n<meta property=\"og:locale\" content=\"fr_FR\" \/>\n<meta property=\"og:type\" content=\"article\" \/>\n<meta property=\"og:title\" content=\"Semaine de pri\u00e8re pour l\u2019unit\u00e9 des chr\u00e9tiens, du 18 au 25 janvier 2026 - Paroisse notre dame de l&#039;Assomption de HAM\" \/>\n<meta property=\"og:description\" content=\"\u00ab\u00a0Il y a un seul corps et un seul Esprit, de m\u00eame que votre vocation vous a appel\u00e9s \u00e0 une seule esp\u00e9rance\u00a0\u00bb (\u00c9ph\u00e9siens 4,4). Au c\u0153ur de la foi chr\u00e9tienne se rencontre une r\u00e9alit\u00e9&#046;&#046;&#046;\" \/>\n<meta property=\"og:url\" content=\"https:\/\/paroisseham.fr\/index.php\/2026\/01\/20\/semaine-de-priere-pour-lunite-des-chretiens-du-18-au-25-janvier-2026\/\" \/>\n<meta property=\"og:site_name\" content=\"Paroisse notre dame de l&#039;Assomption de HAM\" \/>\n<meta property=\"article:publisher\" content=\"https:\/\/www.facebook.com\/ParoisseNDAssomptionHAM\" \/>\n<meta property=\"article:published_time\" content=\"2026-01-20T10:23:17+00:00\" \/>\n<meta property=\"article:modified_time\" content=\"2026-02-10T20:11:22+00:00\" \/>\n<meta property=\"og:image\" content=\"https:\/\/paroisseham.fr\/wp-content\/uploads\/Unite-des-chretiens.jpg\" \/>\n\t<meta property=\"og:image:width\" content=\"724\" \/>\n\t<meta property=\"og:image:height\" content=\"1024\" \/>\n\t<meta property=\"og:image:type\" content=\"image\/jpeg\" \/>\n<meta name=\"author\" content=\"P\u00e8re Georgino RAMEAU\" \/>\n<meta name=\"twitter:card\" content=\"summary_large_image\" \/>\n<meta name=\"twitter:label1\" content=\"\u00c9crit par\" \/>\n\t<meta name=\"twitter:data1\" content=\"P\u00e8re Georgino RAMEAU\" \/>\n\t<meta name=\"twitter:label2\" content=\"Dur\u00e9e de lecture estim\u00e9e\" \/>\n\t<meta name=\"twitter:data2\" content=\"5 minutes\" \/>\n<script type=\"application\/ld+json\" class=\"yoast-schema-graph\">{\"@context\":\"https:\/\/schema.org\",\"@graph\":[{\"@type\":\"Article\",\"@id\":\"https:\/\/paroisseham.fr\/index.php\/2026\/01\/20\/semaine-de-priere-pour-lunite-des-chretiens-du-18-au-25-janvier-2026\/#article\",\"isPartOf\":{\"@id\":\"https:\/\/paroisseham.fr\/index.php\/2026\/01\/20\/semaine-de-priere-pour-lunite-des-chretiens-du-18-au-25-janvier-2026\/\"},\"author\":{\"name\":\"P\u00e8re Georgino RAMEAU\",\"@id\":\"https:\/\/paroisseham.fr\/#\/schema\/person\/4194d5b0ed695920b91e4b3d21edc7df\"},\"headline\":\"Semaine de pri\u00e8re pour l\u2019unit\u00e9 des chr\u00e9tiens, du 18 au 25 janvier 2026\",\"datePublished\":\"2026-01-20T10:23:17+00:00\",\"dateModified\":\"2026-02-10T20:11:22+00:00\",\"mainEntityOfPage\":{\"@id\":\"https:\/\/paroisseham.fr\/index.php\/2026\/01\/20\/semaine-de-priere-pour-lunite-des-chretiens-du-18-au-25-janvier-2026\/\"},\"wordCount\":936,\"publisher\":{\"@id\":\"https:\/\/paroisseham.fr\/#organization\"},\"image\":{\"@id\":\"https:\/\/paroisseham.fr\/index.php\/2026\/01\/20\/semaine-de-priere-pour-lunite-des-chretiens-du-18-au-25-janvier-2026\/#primaryimage\"},\"thumbnailUrl\":\"https:\/\/paroisseham.fr\/wp-content\/uploads\/Unite-des-chretiens.jpg\",\"articleSection\":[\"2026\",\"Mot du cur\u00e9\"],\"inLanguage\":\"fr-FR\"},{\"@type\":\"WebPage\",\"@id\":\"https:\/\/paroisseham.fr\/index.php\/2026\/01\/20\/semaine-de-priere-pour-lunite-des-chretiens-du-18-au-25-janvier-2026\/\",\"url\":\"https:\/\/paroisseham.fr\/index.php\/2026\/01\/20\/semaine-de-priere-pour-lunite-des-chretiens-du-18-au-25-janvier-2026\/\",\"name\":\"Semaine de pri\u00e8re pour l\u2019unit\u00e9 des chr\u00e9tiens, du 18 au 25 janvier 2026 - Paroisse notre dame de l&#039;Assomption de HAM\",\"isPartOf\":{\"@id\":\"https:\/\/paroisseham.fr\/#website\"},\"primaryImageOfPage\":{\"@id\":\"https:\/\/paroisseham.fr\/index.php\/2026\/01\/20\/semaine-de-priere-pour-lunite-des-chretiens-du-18-au-25-janvier-2026\/#primaryimage\"},\"image\":{\"@id\":\"https:\/\/paroisseham.fr\/index.php\/2026\/01\/20\/semaine-de-priere-pour-lunite-des-chretiens-du-18-au-25-janvier-2026\/#primaryimage\"},\"thumbnailUrl\":\"https:\/\/paroisseham.fr\/wp-content\/uploads\/Unite-des-chretiens.jpg\",\"datePublished\":\"2026-01-20T10:23:17+00:00\",\"dateModified\":\"2026-02-10T20:11:22+00:00\",\"breadcrumb\":{\"@id\":\"https:\/\/paroisseham.fr\/index.php\/2026\/01\/20\/semaine-de-priere-pour-lunite-des-chretiens-du-18-au-25-janvier-2026\/#breadcrumb\"},\"inLanguage\":\"fr-FR\",\"potentialAction\":[{\"@type\":\"ReadAction\",\"target\":[\"https:\/\/paroisseham.fr\/index.php\/2026\/01\/20\/semaine-de-priere-pour-lunite-des-chretiens-du-18-au-25-janvier-2026\/\"]}]},{\"@type\":\"ImageObject\",\"inLanguage\":\"fr-FR\",\"@id\":\"https:\/\/paroisseham.fr\/index.php\/2026\/01\/20\/semaine-de-priere-pour-lunite-des-chretiens-du-18-au-25-janvier-2026\/#primaryimage\",\"url\":\"https:\/\/paroisseham.fr\/wp-content\/uploads\/Unite-des-chretiens.jpg\",\"contentUrl\":\"https:\/\/paroisseham.fr\/wp-content\/uploads\/Unite-des-chretiens.jpg\",\"width\":724,\"height\":1024},{\"@type\":\"BreadcrumbList\",\"@id\":\"https:\/\/paroisseham.fr\/index.php\/2026\/01\/20\/semaine-de-priere-pour-lunite-des-chretiens-du-18-au-25-janvier-2026\/#breadcrumb\",\"itemListElement\":[{\"@type\":\"ListItem\",\"position\":1,\"name\":\"Accueil\",\"item\":\"https:\/\/paroisseham.fr\/\"},{\"@type\":\"ListItem\",\"position\":2,\"name\":\"Semaine de pri\u00e8re pour l\u2019unit\u00e9 des chr\u00e9tiens, du 18 au 25 janvier 2026\"}]},{\"@type\":\"WebSite\",\"@id\":\"https:\/\/paroisseham.fr\/#website\",\"url\":\"https:\/\/paroisseham.fr\/\",\"name\":\"Notre dame de l'assomption de HAM\",\"description\":\"Paroisse notre dame de l&#039;Assomption de HAM\",\"publisher\":{\"@id\":\"https:\/\/paroisseham.fr\/#organization\"},\"potentialAction\":[{\"@type\":\"SearchAction\",\"target\":{\"@type\":\"EntryPoint\",\"urlTemplate\":\"https:\/\/paroisseham.fr\/?s={search_term_string}\"},\"query-input\":{\"@type\":\"PropertyValueSpecification\",\"valueRequired\":true,\"valueName\":\"search_term_string\"}}],\"inLanguage\":\"fr-FR\"},{\"@type\":\"Organization\",\"@id\":\"https:\/\/paroisseham.fr\/#organization\",\"name\":\"Notre dame de l'assomption de HAM\",\"url\":\"https:\/\/paroisseham.fr\/\",\"logo\":{\"@type\":\"ImageObject\",\"inLanguage\":\"fr-FR\",\"@id\":\"https:\/\/paroisseham.fr\/#\/schema\/logo\/image\/\",\"url\":\"https:\/\/paroisseham.fr\/wp-content\/uploads\/cropped-logo.png\",\"contentUrl\":\"https:\/\/paroisseham.fr\/wp-content\/uploads\/cropped-logo.png\",\"width\":512,\"height\":512,\"caption\":\"Notre dame de l'assomption de HAM\"},\"image\":{\"@id\":\"https:\/\/paroisseham.fr\/#\/schema\/logo\/image\/\"},\"sameAs\":[\"https:\/\/www.facebook.com\/ParoisseNDAssomptionHAM\"]},{\"@type\":\"Person\",\"@id\":\"https:\/\/paroisseham.fr\/#\/schema\/person\/4194d5b0ed695920b91e4b3d21edc7df\",\"name\":\"P\u00e8re Georgino RAMEAU\",\"url\":\"https:\/\/paroisseham.fr\/index.php\/author\/grameau\/\"}]}<\/script>\n<!-- \/ Yoast SEO plugin. -->","yoast_head_json":{"title":"Semaine de pri\u00e8re pour l\u2019unit\u00e9 des chr\u00e9tiens, du 18 au 25 janvier 2026 - Paroisse notre dame de l&#039;Assomption de HAM","robots":{"index":"index","follow":"follow","max-snippet":"max-snippet:-1","max-image-preview":"max-image-preview:large","max-video-preview":"max-video-preview:-1"},"canonical":"https:\/\/paroisseham.fr\/index.php\/2026\/01\/20\/semaine-de-priere-pour-lunite-des-chretiens-du-18-au-25-janvier-2026\/","og_locale":"fr_FR","og_type":"article","og_title":"Semaine de pri\u00e8re pour l\u2019unit\u00e9 des chr\u00e9tiens, du 18 au 25 janvier 2026 - Paroisse notre dame de l&#039;Assomption de HAM","og_description":"\u00ab\u00a0Il y a un seul corps et un seul Esprit, de m\u00eame que votre vocation vous a appel\u00e9s \u00e0 une seule esp\u00e9rance\u00a0\u00bb (\u00c9ph\u00e9siens 4,4). Au c\u0153ur de la foi chr\u00e9tienne se rencontre une r\u00e9alit\u00e9&#46;&#46;&#46;","og_url":"https:\/\/paroisseham.fr\/index.php\/2026\/01\/20\/semaine-de-priere-pour-lunite-des-chretiens-du-18-au-25-janvier-2026\/","og_site_name":"Paroisse notre dame de l&#039;Assomption de HAM","article_publisher":"https:\/\/www.facebook.com\/ParoisseNDAssomptionHAM","article_published_time":"2026-01-20T10:23:17+00:00","article_modified_time":"2026-02-10T20:11:22+00:00","og_image":[{"width":724,"height":1024,"url":"https:\/\/paroisseham.fr\/wp-content\/uploads\/Unite-des-chretiens.jpg","type":"image\/jpeg"}],"author":"P\u00e8re Georgino RAMEAU","twitter_card":"summary_large_image","twitter_misc":{"\u00c9crit par":"P\u00e8re Georgino RAMEAU","Dur\u00e9e de lecture estim\u00e9e":"5 minutes"},"schema":{"@context":"https:\/\/schema.org","@graph":[{"@type":"Article","@id":"https:\/\/paroisseham.fr\/index.php\/2026\/01\/20\/semaine-de-priere-pour-lunite-des-chretiens-du-18-au-25-janvier-2026\/#article","isPartOf":{"@id":"https:\/\/paroisseham.fr\/index.php\/2026\/01\/20\/semaine-de-priere-pour-lunite-des-chretiens-du-18-au-25-janvier-2026\/"},"author":{"name":"P\u00e8re Georgino RAMEAU","@id":"https:\/\/paroisseham.fr\/#\/schema\/person\/4194d5b0ed695920b91e4b3d21edc7df"},"headline":"Semaine de pri\u00e8re pour l\u2019unit\u00e9 des chr\u00e9tiens, du 18 au 25 janvier 2026","datePublished":"2026-01-20T10:23:17+00:00","dateModified":"2026-02-10T20:11:22+00:00","mainEntityOfPage":{"@id":"https:\/\/paroisseham.fr\/index.php\/2026\/01\/20\/semaine-de-priere-pour-lunite-des-chretiens-du-18-au-25-janvier-2026\/"},"wordCount":936,"publisher":{"@id":"https:\/\/paroisseham.fr\/#organization"},"image":{"@id":"https:\/\/paroisseham.fr\/index.php\/2026\/01\/20\/semaine-de-priere-pour-lunite-des-chretiens-du-18-au-25-janvier-2026\/#primaryimage"},"thumbnailUrl":"https:\/\/paroisseham.fr\/wp-content\/uploads\/Unite-des-chretiens.jpg","articleSection":["2026","Mot du cur\u00e9"],"inLanguage":"fr-FR"},{"@type":"WebPage","@id":"https:\/\/paroisseham.fr\/index.php\/2026\/01\/20\/semaine-de-priere-pour-lunite-des-chretiens-du-18-au-25-janvier-2026\/","url":"https:\/\/paroisseham.fr\/index.php\/2026\/01\/20\/semaine-de-priere-pour-lunite-des-chretiens-du-18-au-25-janvier-2026\/","name":"Semaine de pri\u00e8re pour l\u2019unit\u00e9 des chr\u00e9tiens, du 18 au 25 janvier 2026 - Paroisse notre dame de l&#039;Assomption de HAM","isPartOf":{"@id":"https:\/\/paroisseham.fr\/#website"},"primaryImageOfPage":{"@id":"https:\/\/paroisseham.fr\/index.php\/2026\/01\/20\/semaine-de-priere-pour-lunite-des-chretiens-du-18-au-25-janvier-2026\/#primaryimage"},"image":{"@id":"https:\/\/paroisseham.fr\/index.php\/2026\/01\/20\/semaine-de-priere-pour-lunite-des-chretiens-du-18-au-25-janvier-2026\/#primaryimage"},"thumbnailUrl":"https:\/\/paroisseham.fr\/wp-content\/uploads\/Unite-des-chretiens.jpg","datePublished":"2026-01-20T10:23:17+00:00","dateModified":"2026-02-10T20:11:22+00:00","breadcrumb":{"@id":"https:\/\/paroisseham.fr\/index.php\/2026\/01\/20\/semaine-de-priere-pour-lunite-des-chretiens-du-18-au-25-janvier-2026\/#breadcrumb"},"inLanguage":"fr-FR","potentialAction":[{"@type":"ReadAction","target":["https:\/\/paroisseham.fr\/index.php\/2026\/01\/20\/semaine-de-priere-pour-lunite-des-chretiens-du-18-au-25-janvier-2026\/"]}]},{"@type":"ImageObject","inLanguage":"fr-FR","@id":"https:\/\/paroisseham.fr\/index.php\/2026\/01\/20\/semaine-de-priere-pour-lunite-des-chretiens-du-18-au-25-janvier-2026\/#primaryimage","url":"https:\/\/paroisseham.fr\/wp-content\/uploads\/Unite-des-chretiens.jpg","contentUrl":"https:\/\/paroisseham.fr\/wp-content\/uploads\/Unite-des-chretiens.jpg","width":724,"height":1024},{"@type":"BreadcrumbList","@id":"https:\/\/paroisseham.fr\/index.php\/2026\/01\/20\/semaine-de-priere-pour-lunite-des-chretiens-du-18-au-25-janvier-2026\/#breadcrumb","itemListElement":[{"@type":"ListItem","position":1,"name":"Accueil","item":"https:\/\/paroisseham.fr\/"},{"@type":"ListItem","position":2,"name":"Semaine de pri\u00e8re pour l\u2019unit\u00e9 des chr\u00e9tiens, du 18 au 25 janvier 2026"}]},{"@type":"WebSite","@id":"https:\/\/paroisseham.fr\/#website","url":"https:\/\/paroisseham.fr\/","name":"Notre dame de l'assomption de HAM","description":"Paroisse notre dame de l&#039;Assomption de HAM","publisher":{"@id":"https:\/\/paroisseham.fr\/#organization"},"potentialAction":[{"@type":"SearchAction","target":{"@type":"EntryPoint","urlTemplate":"https:\/\/paroisseham.fr\/?s={search_term_string}"},"query-input":{"@type":"PropertyValueSpecification","valueRequired":true,"valueName":"search_term_string"}}],"inLanguage":"fr-FR"},{"@type":"Organization","@id":"https:\/\/paroisseham.fr\/#organization","name":"Notre dame de l'assomption de HAM","url":"https:\/\/paroisseham.fr\/","logo":{"@type":"ImageObject","inLanguage":"fr-FR","@id":"https:\/\/paroisseham.fr\/#\/schema\/logo\/image\/","url":"https:\/\/paroisseham.fr\/wp-content\/uploads\/cropped-logo.png","contentUrl":"https:\/\/paroisseham.fr\/wp-content\/uploads\/cropped-logo.png","width":512,"height":512,"caption":"Notre dame de l'assomption de HAM"},"image":{"@id":"https:\/\/paroisseham.fr\/#\/schema\/logo\/image\/"},"sameAs":["https:\/\/www.facebook.com\/ParoisseNDAssomptionHAM"]},{"@type":"Person","@id":"https:\/\/paroisseham.fr\/#\/schema\/person\/4194d5b0ed695920b91e4b3d21edc7df","name":"P\u00e8re Georgino RAMEAU","url":"https:\/\/paroisseham.fr\/index.php\/author\/grameau\/"}]}},"rttpg_featured_image_url":{"full":["https:\/\/paroisseham.fr\/wp-content\/uploads\/Unite-des-chretiens.jpg",724,1024,false],"landscape":["https:\/\/paroisseham.fr\/wp-content\/uploads\/Unite-des-chretiens.jpg",724,1024,false],"portraits":["https:\/\/paroisseham.fr\/wp-content\/uploads\/Unite-des-chretiens.jpg",724,1024,false],"thumbnail":["https:\/\/paroisseham.fr\/wp-content\/uploads\/Unite-des-chretiens-150x150.jpg",150,150,true],"medium":["https:\/\/paroisseham.fr\/wp-content\/uploads\/Unite-des-chretiens-212x300.jpg",212,300,true],"large":["https:\/\/paroisseham.fr\/wp-content\/uploads\/Unite-des-chretiens.jpg",724,1024,false],"1536x1536":["https:\/\/paroisseham.fr\/wp-content\/uploads\/Unite-des-chretiens.jpg",724,1024,false],"2048x2048":["https:\/\/paroisseham.fr\/wp-content\/uploads\/Unite-des-chretiens.jpg",724,1024,false],"thumb-small":["https:\/\/paroisseham.fr\/wp-content\/uploads\/Unite-des-chretiens-80x80.jpg",80,80,true],"thumb-standard":["https:\/\/paroisseham.fr\/wp-content\/uploads\/Unite-des-chretiens-320x320.jpg",320,320,true],"thumb-medium":["https:\/\/paroisseham.fr\/wp-content\/uploads\/Unite-des-chretiens-520x245.jpg",520,245,true],"thumb-large":["https:\/\/paroisseham.fr\/wp-content\/uploads\/Unite-des-chretiens-720x340.jpg",720,340,true],"thumb-xlarge":["https:\/\/paroisseham.fr\/wp-content\/uploads\/Unite-des-chretiens-724x450.jpg",724,450,true],"thumb-xxlarge":["https:\/\/paroisseham.fr\/wp-content\/uploads\/Unite-des-chretiens-724x500.jpg",724,500,true]},"rttpg_author":{"display_name":"P\u00e8re Georgino RAMEAU","author_link":"https:\/\/paroisseham.fr\/index.php\/author\/grameau\/"},"rttpg_comment":0,"rttpg_category":"<a href=\"https:\/\/paroisseham.fr\/index.php\/category\/2026\/\" rel=\"category tag\">2026<\/a> <a href=\"https:\/\/paroisseham.fr\/index.php\/category\/mot-du-cure\/\" rel=\"category tag\">Mot du cur\u00e9<\/a>","rttpg_excerpt":"\u00ab\u00a0Il y a un seul corps et un seul Esprit, de m\u00eame que votre vocation vous a appel\u00e9s \u00e0 une seule esp\u00e9rance\u00a0\u00bb (\u00c9ph\u00e9siens 4,4). Au c\u0153ur de la foi chr\u00e9tienne se rencontre une r\u00e9alit\u00e9&#46;&#46;&#46;","_links":{"self":[{"href":"https:\/\/paroisseham.fr\/index.php\/wp-json\/wp\/v2\/posts\/1777","targetHints":{"allow":["GET"]}}],"collection":[{"href":"https:\/\/paroisseham.fr\/index.php\/wp-json\/wp\/v2\/posts"}],"about":[{"href":"https:\/\/paroisseham.fr\/index.php\/wp-json\/wp\/v2\/types\/post"}],"author":[{"embeddable":true,"href":"https:\/\/paroisseham.fr\/index.php\/wp-json\/wp\/v2\/users\/4"}],"replies":[{"embeddable":true,"href":"https:\/\/paroisseham.fr\/index.php\/wp-json\/wp\/v2\/comments?post=1777"}],"version-history":[{"count":1,"href":"https:\/\/paroisseham.fr\/index.php\/wp-json\/wp\/v2\/posts\/1777\/revisions"}],"predecessor-version":[{"id":1780,"href":"https:\/\/paroisseham.fr\/index.php\/wp-json\/wp\/v2\/posts\/1777\/revisions\/1780"}],"wp:featuredmedia":[{"embeddable":true,"href":"https:\/\/paroisseham.fr\/index.php\/wp-json\/wp\/v2\/media\/1779"}],"wp:attachment":[{"href":"https:\/\/paroisseham.fr\/index.php\/wp-json\/wp\/v2\/media?parent=1777"}],"wp:term":[{"taxonomy":"category","embeddable":true,"href":"https:\/\/paroisseham.fr\/index.php\/wp-json\/wp\/v2\/categories?post=1777"},{"taxonomy":"post_tag","embeddable":true,"href":"https:\/\/paroisseham.fr\/index.php\/wp-json\/wp\/v2\/tags?post=1777"}],"curies":[{"name":"wp","href":"https:\/\/api.w.org\/{rel}","templated":true}]}}