{"id":1648,"date":"2026-01-11T08:32:59","date_gmt":"2026-01-11T07:32:59","guid":{"rendered":"https:\/\/paroisseham.fr\/?p=1648"},"modified":"2026-01-12T23:55:48","modified_gmt":"2026-01-12T22:55:48","slug":"bapteme-du-seigneur-et-mon-bapteme","status":"publish","type":"post","link":"https:\/\/paroisseham.fr\/index.php\/2026\/01\/11\/bapteme-du-seigneur-et-mon-bapteme\/","title":{"rendered":"Bapt\u00eame du Seigneur et mon bapt\u00eame"},"content":{"rendered":"<div class=\"wp-block-image\">\n<figure class=\"aligncenter size-full\"><img loading=\"lazy\" decoding=\"async\" width=\"750\" height=\"421\" src=\"https:\/\/paroisseham.fr\/wp-content\/uploads\/Bapteme-du-Seigneur-Vatican.jpeg\" alt=\"\" class=\"wp-image-1651\" srcset=\"https:\/\/paroisseham.fr\/wp-content\/uploads\/Bapteme-du-Seigneur-Vatican.jpeg 750w, https:\/\/paroisseham.fr\/wp-content\/uploads\/Bapteme-du-Seigneur-Vatican-300x168.jpeg 300w\" sizes=\"auto, (max-width: 750px) 100vw, 750px\" \/><\/figure>\n<\/div>\n\n\n<p><em>\u00ab&nbsp;\u2026 je fais de toi l\u2019alliance du peuple, la lumi\u00e8re des nations&nbsp;\u00bb<\/em><\/p>\n\n\n\n<p>Ces mots sont extraits de la premi\u00e8re lecture, tir\u00e9e du livre du proph\u00e8te Isa\u00efe.<\/p>\n\n\n<div class=\"wp-block-image\">\n<figure class=\"alignleft size-large is-resized\"><img loading=\"lazy\" decoding=\"async\" width=\"1181\" height=\"1574\" src=\"https:\/\/paroisseham.fr\/wp-content\/uploads\/pere-Georgino-RAMEAU-1-edited.jpg\" alt=\"\" class=\"wp-image-1657\" style=\"aspect-ratio:0.6666666666666666;object-fit:cover;width:360px;height:auto\" srcset=\"https:\/\/paroisseham.fr\/wp-content\/uploads\/pere-Georgino-RAMEAU-1-edited.jpg 1181w, https:\/\/paroisseham.fr\/wp-content\/uploads\/pere-Georgino-RAMEAU-1-edited-225x300.jpg 225w, https:\/\/paroisseham.fr\/wp-content\/uploads\/pere-Georgino-RAMEAU-1-edited-768x1024.jpg 768w, https:\/\/paroisseham.fr\/wp-content\/uploads\/pere-Georgino-RAMEAU-1-edited-1152x1536.jpg 1152w\" sizes=\"auto, (max-width: 1181px) 100vw, 1181px\" \/><\/figure>\n<\/div>\n\n\n<p>Aujourd\u2019hui, l\u2019\u00c9glise c\u00e9l\u00e8bre le bapt\u00eame du Seigneur. Cette f\u00eate rappelle la v\u00e9rit\u00e9 profonde du myst\u00e8re de l\u2019Incarnation, tel que la lettre aux Galates nous le r\u00e9v\u00e8le&nbsp;: \u00ab&nbsp;n\u00e9 d\u2019une femme, le Christ a \u00e9t\u00e9 sujet de la loi de Mo\u00efse\u2026&nbsp;\u00bb (cf. Ga 4, 4-5). Homme parmi les hommes, en J\u00e9sus Christ, l\u2019homme parfait est montr\u00e9, r\u00e9v\u00e9l\u00e9, manifest\u00e9. En devenant le fils de la Vierge Marie, Dieu a pris le chemin de l\u2019humilit\u00e9 et de la justice. En recevant le bapt\u00eame des mains de Jean le baptiste, son cousin, pour accomplir toute justice, comme le rapporte l\u2019\u00e9vang\u00e9liste saint Matthieu. Cette justice peut se comprendre comme son grand respect pour la mission de son pr\u00e9curseur&nbsp;: celle pr\u00e9cis\u00e9ment de pr\u00e9parer hommes et femmes \u00e0 sa venue, par l\u2019administration d\u2019un bapt\u00eame de conversion, en vue d\u2019une r\u00e9conciliation et d\u2019une communion avec Dieu.<\/p>\n\n\n\n<p>\u00ab&nbsp;Alliance du peuple, lumi\u00e8re des nations&nbsp;\u00bb, J\u00e9sus est ce serviteur qui ne crie pas et qui n\u2019\u00e9teint pas la m\u00e8che qui vacille\u2026 au contraire, il permet \u00e0 tout un chacun d\u2019aller jusqu\u2019au bout de soi-m\u00eame, pour se r\u00e9aliser et mener \u00e0 bien sa mission propre re\u00e7ue de Dieu. De cette mani\u00e8re, en recevant le bapt\u00eame, tout croyant est plong\u00e9 dans l\u2019eau de la renaissance, pour rena\u00eetre \u00e0 une vie nouvelle. Le recevant lui-m\u00eame, J\u00e9sus sanctifie le bapt\u00eame, il lui permet d\u2019aller jusqu\u2019au bout de ce qu\u2019il est comme signe. Depuis, \u00e0 chaque plong\u00e9e baptismale, les portes du ciel ne cessent de s\u2019ouvrir, mettant fin \u00e0 la punition due au p\u00e9ch\u00e9 de la d\u00e9sob\u00e9issance, et r\u00e9tablissant la possibilit\u00e9 d\u2019une communion parfaite avec Dieu, et entre les cr\u00e9atures divines.<\/p>\n\n\n\n<p>A chaque bapt\u00eame, l\u2019Esprit se manifeste et se rend pr\u00e9sent, r\u00e9tablissant la relation entre Dieu et le p\u00e9cheur, par la gr\u00e2ce du pardon octroy\u00e9 gratuitement et gracieusement, o\u00f9 l\u2019homme est rendu capable d\u2019\u00e9couter la voix de son Dieu et de lui ob\u00e9ir. Une voix de Dieu qui n\u2019effraye pas, mais rassure, r\u00e9v\u00e8le et sauve. Dans l\u2019\u00e9vangile selon saint Matthieu, c\u2019est J\u00e9sus baptis\u00e9 lui-m\u00eame qui voit l\u2019Esprit descendre sur lui et qui entend la voix retentissante venue du ciel. \u00c0 la suite du bapt\u00eame de J\u00e9sus, chaque baptis\u00e9 est introduit \u00e0 son tour dans l\u2019intimit\u00e9 de Dieu. Avec la descente de l\u2019Esprit sur lui, il est rendu capable d\u2019entendre la voix de Dieu, en toute paix, en toute confiance. Cette communication intime et paisible r\u00e9tablie produit un effet diam\u00e9tralement oppos\u00e9 \u00e0 ce qui s\u2019est pass\u00e9 lors de la th\u00e9ophanie au Sina\u00ef (livre de l\u2019Exode). La manifestation de Dieu s\u2019est pass\u00e9e d\u2019une mani\u00e8re telle que les Isra\u00e9lites avaient demand\u00e9 de ne plus entendre Dieu parler directement, mais par des m\u00e9diations (cf. Exode 19).<\/p>\n\n\n\n<p>Aujourd\u2019hui, il existe encore une m\u00e9diation&nbsp;: l\u2019Eglise, la communaut\u00e9 des croyants, sacrement de la pr\u00e9sence de Dieu. Par le minist\u00e8re de l\u2019Eglise, une entr\u00e9e progressive au sein m\u00eame de la trinit\u00e9 est devenue possible. Et tout baptis\u00e9 est plong\u00e9 par l\u2019action eccl\u00e9siale, non pas dans l\u2019eau du Jourdain, mais en Dieu lui-m\u00eame. En effet, le verbe baptiser vient de la langue grecque et signifie plonger. Et les derniers mots de l\u2019\u00c9vangile de saint Matthieu l\u2019expriment clairement&nbsp;: \u00ab&nbsp;\u2026 allez, faites disciples toutes les nations&nbsp;; plongez-les par le bapt\u00eame dans le P\u00e8re, le Fils et l\u2019Esprit-saint, et enseigne-les \u00e0 faire tout ce que je vous ai command\u00e9 (cf. Mt 28, 19-20).<\/p>\n\n\n\n<p>Chers paroissiens, ch\u00e8res paroissiennes, ce jour du bapt\u00eame du Seigneur est l\u2019occasion pour nous d\u2019actualiser notre propre bapt\u00eame. Il nous faudra nous rendre avec J\u00e9sus dans le Jourdain, qui se prolonge dans l\u2019Eglise, pour \u00eatre plong\u00e9 dans la vie de la sanctification inaugur\u00e9e par le Christ J\u00e9sus. Par cet acte de foi, peut na\u00eetre un monde r\u00e9concili\u00e9, o\u00f9 Terre et Ciel communiquent, l\u2019humain et le divin dialoguent dans la paix, o\u00f9 chaque personne retrouve une vie d\u2019amiti\u00e9 avec son Dieu et ses semblables. De ce fait, chaque baptis\u00e9 pourra devenir avec le Christ&nbsp;: <strong><em>l\u2019alliance du peuple, la lumi\u00e8re des nations<\/em>.<\/strong><\/p>\n\n\n\n<p>Comment vivons-nous notre bapt\u00eame\u00a0? Est-il actualis\u00e9 \u00e0 travers un engagement sans cesse renouvel\u00e9\u00a0? Est-il le lieu o\u00f9 s\u2019accomplit toute justice\u00a0: celle du respect de l\u2019autre, de la confiance en soi et en Dieu\u00a0? Est-il v\u00e9cu en un continuel et progressif plongeon en Dieu, dans la communion parfaite avec le P\u00e8re, le Fils et l\u2019Esprit Saint\u00a0?<\/p>\n\n\n\n<p>Bonne f\u00eate du bapt\u00eame du Seigneur \u00e0 chacun de vous.<\/p>\n\n\n\n<p>P\u00e8re Georgino RAMEAU, cur\u00e9<\/p>\n","protected":false},"excerpt":{"rendered":"<p>\u00ab&nbsp;\u2026 je fais de toi l\u2019alliance du peuple, la lumi\u00e8re des nations&nbsp;\u00bb Ces mots sont extraits de la premi\u00e8re lecture, tir\u00e9e du livre du proph\u00e8te Isa\u00efe. Aujourd\u2019hui, l\u2019\u00c9glise c\u00e9l\u00e8bre le bapt\u00eame du Seigneur. Cette&#46;&#46;&#46;<\/p>\n","protected":false},"author":4,"featured_media":1651,"comment_status":"closed","ping_status":"closed","sticky":false,"template":"","format":"standard","meta":{"footnotes":""},"categories":[45,9],"tags":[],"class_list":["post-1648","post","type-post","status-publish","format-standard","has-post-thumbnail","hentry","category-45","category-mot-du-cure"],"yoast_head":"<!-- This site is optimized with the Yoast SEO plugin v27.1.1 - https:\/\/yoast.com\/product\/yoast-seo-wordpress\/ -->\n<title>Bapt\u00eame du Seigneur et mon bapt\u00eame - Paroisse notre dame de l&#039;Assomption de HAM<\/title>\n<meta name=\"robots\" content=\"index, follow, max-snippet:-1, max-image-preview:large, max-video-preview:-1\" \/>\n<link rel=\"canonical\" href=\"https:\/\/paroisseham.fr\/index.php\/2026\/01\/11\/bapteme-du-seigneur-et-mon-bapteme\/\" \/>\n<meta property=\"og:locale\" content=\"fr_FR\" \/>\n<meta property=\"og:type\" content=\"article\" \/>\n<meta property=\"og:title\" content=\"Bapt\u00eame du Seigneur et mon bapt\u00eame - Paroisse notre dame de l&#039;Assomption de HAM\" \/>\n<meta property=\"og:description\" content=\"\u00ab&nbsp;\u2026 je fais de toi l\u2019alliance du peuple, la lumi\u00e8re des nations&nbsp;\u00bb Ces mots sont extraits de la premi\u00e8re lecture, tir\u00e9e du livre du proph\u00e8te Isa\u00efe. Aujourd\u2019hui, l\u2019\u00c9glise c\u00e9l\u00e8bre le bapt\u00eame du Seigneur. Cette&#046;&#046;&#046;\" \/>\n<meta property=\"og:url\" content=\"https:\/\/paroisseham.fr\/index.php\/2026\/01\/11\/bapteme-du-seigneur-et-mon-bapteme\/\" \/>\n<meta property=\"og:site_name\" content=\"Paroisse notre dame de l&#039;Assomption de HAM\" \/>\n<meta property=\"article:publisher\" content=\"https:\/\/www.facebook.com\/ParoisseNDAssomptionHAM\" \/>\n<meta property=\"article:published_time\" content=\"2026-01-11T07:32:59+00:00\" \/>\n<meta property=\"article:modified_time\" content=\"2026-01-12T22:55:48+00:00\" \/>\n<meta property=\"og:image\" content=\"https:\/\/paroisseham.fr\/wp-content\/uploads\/Bapteme-du-Seigneur-Vatican.jpeg\" \/>\n\t<meta property=\"og:image:width\" content=\"750\" \/>\n\t<meta property=\"og:image:height\" content=\"421\" \/>\n\t<meta property=\"og:image:type\" content=\"image\/jpeg\" \/>\n<meta name=\"author\" content=\"P\u00e8re Georgino RAMEAU\" \/>\n<meta name=\"twitter:card\" content=\"summary_large_image\" \/>\n<meta name=\"twitter:label1\" content=\"\u00c9crit par\" \/>\n\t<meta name=\"twitter:data1\" content=\"P\u00e8re Georgino RAMEAU\" \/>\n\t<meta name=\"twitter:label2\" content=\"Dur\u00e9e de lecture estim\u00e9e\" \/>\n\t<meta name=\"twitter:data2\" content=\"5 minutes\" \/>\n<script type=\"application\/ld+json\" class=\"yoast-schema-graph\">{\"@context\":\"https:\/\/schema.org\",\"@graph\":[{\"@type\":\"Article\",\"@id\":\"https:\/\/paroisseham.fr\/index.php\/2026\/01\/11\/bapteme-du-seigneur-et-mon-bapteme\/#article\",\"isPartOf\":{\"@id\":\"https:\/\/paroisseham.fr\/index.php\/2026\/01\/11\/bapteme-du-seigneur-et-mon-bapteme\/\"},\"author\":{\"name\":\"P\u00e8re Georgino RAMEAU\",\"@id\":\"https:\/\/paroisseham.fr\/#\/schema\/person\/4194d5b0ed695920b91e4b3d21edc7df\"},\"headline\":\"Bapt\u00eame du Seigneur et mon bapt\u00eame\",\"datePublished\":\"2026-01-11T07:32:59+00:00\",\"dateModified\":\"2026-01-12T22:55:48+00:00\",\"mainEntityOfPage\":{\"@id\":\"https:\/\/paroisseham.fr\/index.php\/2026\/01\/11\/bapteme-du-seigneur-et-mon-bapteme\/\"},\"wordCount\":881,\"publisher\":{\"@id\":\"https:\/\/paroisseham.fr\/#organization\"},\"image\":{\"@id\":\"https:\/\/paroisseham.fr\/index.php\/2026\/01\/11\/bapteme-du-seigneur-et-mon-bapteme\/#primaryimage\"},\"thumbnailUrl\":\"https:\/\/paroisseham.fr\/wp-content\/uploads\/Bapteme-du-Seigneur-Vatican.jpeg\",\"articleSection\":[\"2026\",\"Mot du cur\u00e9\"],\"inLanguage\":\"fr-FR\"},{\"@type\":\"WebPage\",\"@id\":\"https:\/\/paroisseham.fr\/index.php\/2026\/01\/11\/bapteme-du-seigneur-et-mon-bapteme\/\",\"url\":\"https:\/\/paroisseham.fr\/index.php\/2026\/01\/11\/bapteme-du-seigneur-et-mon-bapteme\/\",\"name\":\"Bapt\u00eame du Seigneur et mon bapt\u00eame - Paroisse notre dame de l&#039;Assomption de HAM\",\"isPartOf\":{\"@id\":\"https:\/\/paroisseham.fr\/#website\"},\"primaryImageOfPage\":{\"@id\":\"https:\/\/paroisseham.fr\/index.php\/2026\/01\/11\/bapteme-du-seigneur-et-mon-bapteme\/#primaryimage\"},\"image\":{\"@id\":\"https:\/\/paroisseham.fr\/index.php\/2026\/01\/11\/bapteme-du-seigneur-et-mon-bapteme\/#primaryimage\"},\"thumbnailUrl\":\"https:\/\/paroisseham.fr\/wp-content\/uploads\/Bapteme-du-Seigneur-Vatican.jpeg\",\"datePublished\":\"2026-01-11T07:32:59+00:00\",\"dateModified\":\"2026-01-12T22:55:48+00:00\",\"breadcrumb\":{\"@id\":\"https:\/\/paroisseham.fr\/index.php\/2026\/01\/11\/bapteme-du-seigneur-et-mon-bapteme\/#breadcrumb\"},\"inLanguage\":\"fr-FR\",\"potentialAction\":[{\"@type\":\"ReadAction\",\"target\":[\"https:\/\/paroisseham.fr\/index.php\/2026\/01\/11\/bapteme-du-seigneur-et-mon-bapteme\/\"]}]},{\"@type\":\"ImageObject\",\"inLanguage\":\"fr-FR\",\"@id\":\"https:\/\/paroisseham.fr\/index.php\/2026\/01\/11\/bapteme-du-seigneur-et-mon-bapteme\/#primaryimage\",\"url\":\"https:\/\/paroisseham.fr\/wp-content\/uploads\/Bapteme-du-Seigneur-Vatican.jpeg\",\"contentUrl\":\"https:\/\/paroisseham.fr\/wp-content\/uploads\/Bapteme-du-Seigneur-Vatican.jpeg\",\"width\":750,\"height\":421},{\"@type\":\"BreadcrumbList\",\"@id\":\"https:\/\/paroisseham.fr\/index.php\/2026\/01\/11\/bapteme-du-seigneur-et-mon-bapteme\/#breadcrumb\",\"itemListElement\":[{\"@type\":\"ListItem\",\"position\":1,\"name\":\"Accueil\",\"item\":\"https:\/\/paroisseham.fr\/\"},{\"@type\":\"ListItem\",\"position\":2,\"name\":\"Bapt\u00eame du Seigneur et mon bapt\u00eame\"}]},{\"@type\":\"WebSite\",\"@id\":\"https:\/\/paroisseham.fr\/#website\",\"url\":\"https:\/\/paroisseham.fr\/\",\"name\":\"Notre dame de l'assomption de HAM\",\"description\":\"Paroisse notre dame de l&#039;Assomption de HAM\",\"publisher\":{\"@id\":\"https:\/\/paroisseham.fr\/#organization\"},\"potentialAction\":[{\"@type\":\"SearchAction\",\"target\":{\"@type\":\"EntryPoint\",\"urlTemplate\":\"https:\/\/paroisseham.fr\/?s={search_term_string}\"},\"query-input\":{\"@type\":\"PropertyValueSpecification\",\"valueRequired\":true,\"valueName\":\"search_term_string\"}}],\"inLanguage\":\"fr-FR\"},{\"@type\":\"Organization\",\"@id\":\"https:\/\/paroisseham.fr\/#organization\",\"name\":\"Notre dame de l'assomption de HAM\",\"url\":\"https:\/\/paroisseham.fr\/\",\"logo\":{\"@type\":\"ImageObject\",\"inLanguage\":\"fr-FR\",\"@id\":\"https:\/\/paroisseham.fr\/#\/schema\/logo\/image\/\",\"url\":\"https:\/\/paroisseham.fr\/wp-content\/uploads\/cropped-logo.png\",\"contentUrl\":\"https:\/\/paroisseham.fr\/wp-content\/uploads\/cropped-logo.png\",\"width\":512,\"height\":512,\"caption\":\"Notre dame de l'assomption de HAM\"},\"image\":{\"@id\":\"https:\/\/paroisseham.fr\/#\/schema\/logo\/image\/\"},\"sameAs\":[\"https:\/\/www.facebook.com\/ParoisseNDAssomptionHAM\"]},{\"@type\":\"Person\",\"@id\":\"https:\/\/paroisseham.fr\/#\/schema\/person\/4194d5b0ed695920b91e4b3d21edc7df\",\"name\":\"P\u00e8re Georgino RAMEAU\",\"url\":\"https:\/\/paroisseham.fr\/index.php\/author\/grameau\/\"}]}<\/script>\n<!-- \/ Yoast SEO plugin. -->","yoast_head_json":{"title":"Bapt\u00eame du Seigneur et mon bapt\u00eame - Paroisse notre dame de l&#039;Assomption de HAM","robots":{"index":"index","follow":"follow","max-snippet":"max-snippet:-1","max-image-preview":"max-image-preview:large","max-video-preview":"max-video-preview:-1"},"canonical":"https:\/\/paroisseham.fr\/index.php\/2026\/01\/11\/bapteme-du-seigneur-et-mon-bapteme\/","og_locale":"fr_FR","og_type":"article","og_title":"Bapt\u00eame du Seigneur et mon bapt\u00eame - Paroisse notre dame de l&#039;Assomption de HAM","og_description":"\u00ab&nbsp;\u2026 je fais de toi l\u2019alliance du peuple, la lumi\u00e8re des nations&nbsp;\u00bb Ces mots sont extraits de la premi\u00e8re lecture, tir\u00e9e du livre du proph\u00e8te Isa\u00efe. Aujourd\u2019hui, l\u2019\u00c9glise c\u00e9l\u00e8bre le bapt\u00eame du Seigneur. Cette&#46;&#46;&#46;","og_url":"https:\/\/paroisseham.fr\/index.php\/2026\/01\/11\/bapteme-du-seigneur-et-mon-bapteme\/","og_site_name":"Paroisse notre dame de l&#039;Assomption de HAM","article_publisher":"https:\/\/www.facebook.com\/ParoisseNDAssomptionHAM","article_published_time":"2026-01-11T07:32:59+00:00","article_modified_time":"2026-01-12T22:55:48+00:00","og_image":[{"width":750,"height":421,"url":"https:\/\/paroisseham.fr\/wp-content\/uploads\/Bapteme-du-Seigneur-Vatican.jpeg","type":"image\/jpeg"}],"author":"P\u00e8re Georgino RAMEAU","twitter_card":"summary_large_image","twitter_misc":{"\u00c9crit par":"P\u00e8re Georgino RAMEAU","Dur\u00e9e de lecture estim\u00e9e":"5 minutes"},"schema":{"@context":"https:\/\/schema.org","@graph":[{"@type":"Article","@id":"https:\/\/paroisseham.fr\/index.php\/2026\/01\/11\/bapteme-du-seigneur-et-mon-bapteme\/#article","isPartOf":{"@id":"https:\/\/paroisseham.fr\/index.php\/2026\/01\/11\/bapteme-du-seigneur-et-mon-bapteme\/"},"author":{"name":"P\u00e8re Georgino RAMEAU","@id":"https:\/\/paroisseham.fr\/#\/schema\/person\/4194d5b0ed695920b91e4b3d21edc7df"},"headline":"Bapt\u00eame du Seigneur et mon bapt\u00eame","datePublished":"2026-01-11T07:32:59+00:00","dateModified":"2026-01-12T22:55:48+00:00","mainEntityOfPage":{"@id":"https:\/\/paroisseham.fr\/index.php\/2026\/01\/11\/bapteme-du-seigneur-et-mon-bapteme\/"},"wordCount":881,"publisher":{"@id":"https:\/\/paroisseham.fr\/#organization"},"image":{"@id":"https:\/\/paroisseham.fr\/index.php\/2026\/01\/11\/bapteme-du-seigneur-et-mon-bapteme\/#primaryimage"},"thumbnailUrl":"https:\/\/paroisseham.fr\/wp-content\/uploads\/Bapteme-du-Seigneur-Vatican.jpeg","articleSection":["2026","Mot du cur\u00e9"],"inLanguage":"fr-FR"},{"@type":"WebPage","@id":"https:\/\/paroisseham.fr\/index.php\/2026\/01\/11\/bapteme-du-seigneur-et-mon-bapteme\/","url":"https:\/\/paroisseham.fr\/index.php\/2026\/01\/11\/bapteme-du-seigneur-et-mon-bapteme\/","name":"Bapt\u00eame du Seigneur et mon bapt\u00eame - Paroisse notre dame de l&#039;Assomption de HAM","isPartOf":{"@id":"https:\/\/paroisseham.fr\/#website"},"primaryImageOfPage":{"@id":"https:\/\/paroisseham.fr\/index.php\/2026\/01\/11\/bapteme-du-seigneur-et-mon-bapteme\/#primaryimage"},"image":{"@id":"https:\/\/paroisseham.fr\/index.php\/2026\/01\/11\/bapteme-du-seigneur-et-mon-bapteme\/#primaryimage"},"thumbnailUrl":"https:\/\/paroisseham.fr\/wp-content\/uploads\/Bapteme-du-Seigneur-Vatican.jpeg","datePublished":"2026-01-11T07:32:59+00:00","dateModified":"2026-01-12T22:55:48+00:00","breadcrumb":{"@id":"https:\/\/paroisseham.fr\/index.php\/2026\/01\/11\/bapteme-du-seigneur-et-mon-bapteme\/#breadcrumb"},"inLanguage":"fr-FR","potentialAction":[{"@type":"ReadAction","target":["https:\/\/paroisseham.fr\/index.php\/2026\/01\/11\/bapteme-du-seigneur-et-mon-bapteme\/"]}]},{"@type":"ImageObject","inLanguage":"fr-FR","@id":"https:\/\/paroisseham.fr\/index.php\/2026\/01\/11\/bapteme-du-seigneur-et-mon-bapteme\/#primaryimage","url":"https:\/\/paroisseham.fr\/wp-content\/uploads\/Bapteme-du-Seigneur-Vatican.jpeg","contentUrl":"https:\/\/paroisseham.fr\/wp-content\/uploads\/Bapteme-du-Seigneur-Vatican.jpeg","width":750,"height":421},{"@type":"BreadcrumbList","@id":"https:\/\/paroisseham.fr\/index.php\/2026\/01\/11\/bapteme-du-seigneur-et-mon-bapteme\/#breadcrumb","itemListElement":[{"@type":"ListItem","position":1,"name":"Accueil","item":"https:\/\/paroisseham.fr\/"},{"@type":"ListItem","position":2,"name":"Bapt\u00eame du Seigneur et mon bapt\u00eame"}]},{"@type":"WebSite","@id":"https:\/\/paroisseham.fr\/#website","url":"https:\/\/paroisseham.fr\/","name":"Notre dame de l'assomption de HAM","description":"Paroisse notre dame de l&#039;Assomption de HAM","publisher":{"@id":"https:\/\/paroisseham.fr\/#organization"},"potentialAction":[{"@type":"SearchAction","target":{"@type":"EntryPoint","urlTemplate":"https:\/\/paroisseham.fr\/?s={search_term_string}"},"query-input":{"@type":"PropertyValueSpecification","valueRequired":true,"valueName":"search_term_string"}}],"inLanguage":"fr-FR"},{"@type":"Organization","@id":"https:\/\/paroisseham.fr\/#organization","name":"Notre dame de l'assomption de HAM","url":"https:\/\/paroisseham.fr\/","logo":{"@type":"ImageObject","inLanguage":"fr-FR","@id":"https:\/\/paroisseham.fr\/#\/schema\/logo\/image\/","url":"https:\/\/paroisseham.fr\/wp-content\/uploads\/cropped-logo.png","contentUrl":"https:\/\/paroisseham.fr\/wp-content\/uploads\/cropped-logo.png","width":512,"height":512,"caption":"Notre dame de l'assomption de HAM"},"image":{"@id":"https:\/\/paroisseham.fr\/#\/schema\/logo\/image\/"},"sameAs":["https:\/\/www.facebook.com\/ParoisseNDAssomptionHAM"]},{"@type":"Person","@id":"https:\/\/paroisseham.fr\/#\/schema\/person\/4194d5b0ed695920b91e4b3d21edc7df","name":"P\u00e8re Georgino RAMEAU","url":"https:\/\/paroisseham.fr\/index.php\/author\/grameau\/"}]}},"rttpg_featured_image_url":{"full":["https:\/\/paroisseham.fr\/wp-content\/uploads\/Bapteme-du-Seigneur-Vatican.jpeg",750,421,false],"landscape":["https:\/\/paroisseham.fr\/wp-content\/uploads\/Bapteme-du-Seigneur-Vatican.jpeg",750,421,false],"portraits":["https:\/\/paroisseham.fr\/wp-content\/uploads\/Bapteme-du-Seigneur-Vatican.jpeg",750,421,false],"thumbnail":["https:\/\/paroisseham.fr\/wp-content\/uploads\/Bapteme-du-Seigneur-Vatican-150x150.jpeg",150,150,true],"medium":["https:\/\/paroisseham.fr\/wp-content\/uploads\/Bapteme-du-Seigneur-Vatican-300x168.jpeg",300,168,true],"large":["https:\/\/paroisseham.fr\/wp-content\/uploads\/Bapteme-du-Seigneur-Vatican.jpeg",750,421,false],"1536x1536":["https:\/\/paroisseham.fr\/wp-content\/uploads\/Bapteme-du-Seigneur-Vatican.jpeg",750,421,false],"2048x2048":["https:\/\/paroisseham.fr\/wp-content\/uploads\/Bapteme-du-Seigneur-Vatican.jpeg",750,421,false],"thumb-small":["https:\/\/paroisseham.fr\/wp-content\/uploads\/Bapteme-du-Seigneur-Vatican-80x80.jpeg",80,80,true],"thumb-standard":["https:\/\/paroisseham.fr\/wp-content\/uploads\/Bapteme-du-Seigneur-Vatican-320x320.jpeg",320,320,true],"thumb-medium":["https:\/\/paroisseham.fr\/wp-content\/uploads\/Bapteme-du-Seigneur-Vatican-520x245.jpeg",520,245,true],"thumb-large":["https:\/\/paroisseham.fr\/wp-content\/uploads\/Bapteme-du-Seigneur-Vatican-720x340.jpeg",720,340,true],"thumb-xlarge":["https:\/\/paroisseham.fr\/wp-content\/uploads\/Bapteme-du-Seigneur-Vatican.jpeg",750,421,false],"thumb-xxlarge":["https:\/\/paroisseham.fr\/wp-content\/uploads\/Bapteme-du-Seigneur-Vatican.jpeg",750,421,false]},"rttpg_author":{"display_name":"P\u00e8re Georgino RAMEAU","author_link":"https:\/\/paroisseham.fr\/index.php\/author\/grameau\/"},"rttpg_comment":0,"rttpg_category":"<a href=\"https:\/\/paroisseham.fr\/index.php\/category\/2026\/\" rel=\"category tag\">2026<\/a> <a href=\"https:\/\/paroisseham.fr\/index.php\/category\/mot-du-cure\/\" rel=\"category tag\">Mot du cur\u00e9<\/a>","rttpg_excerpt":"\u00ab&nbsp;\u2026 je fais de toi l\u2019alliance du peuple, la lumi\u00e8re des nations&nbsp;\u00bb Ces mots sont extraits de la premi\u00e8re lecture, tir\u00e9e du livre du proph\u00e8te Isa\u00efe. Aujourd\u2019hui, l\u2019\u00c9glise c\u00e9l\u00e8bre le bapt\u00eame du Seigneur. Cette&#46;&#46;&#46;","_links":{"self":[{"href":"https:\/\/paroisseham.fr\/index.php\/wp-json\/wp\/v2\/posts\/1648","targetHints":{"allow":["GET"]}}],"collection":[{"href":"https:\/\/paroisseham.fr\/index.php\/wp-json\/wp\/v2\/posts"}],"about":[{"href":"https:\/\/paroisseham.fr\/index.php\/wp-json\/wp\/v2\/types\/post"}],"author":[{"embeddable":true,"href":"https:\/\/paroisseham.fr\/index.php\/wp-json\/wp\/v2\/users\/4"}],"replies":[{"embeddable":true,"href":"https:\/\/paroisseham.fr\/index.php\/wp-json\/wp\/v2\/comments?post=1648"}],"version-history":[{"count":6,"href":"https:\/\/paroisseham.fr\/index.php\/wp-json\/wp\/v2\/posts\/1648\/revisions"}],"predecessor-version":[{"id":1666,"href":"https:\/\/paroisseham.fr\/index.php\/wp-json\/wp\/v2\/posts\/1648\/revisions\/1666"}],"wp:featuredmedia":[{"embeddable":true,"href":"https:\/\/paroisseham.fr\/index.php\/wp-json\/wp\/v2\/media\/1651"}],"wp:attachment":[{"href":"https:\/\/paroisseham.fr\/index.php\/wp-json\/wp\/v2\/media?parent=1648"}],"wp:term":[{"taxonomy":"category","embeddable":true,"href":"https:\/\/paroisseham.fr\/index.php\/wp-json\/wp\/v2\/categories?post=1648"},{"taxonomy":"post_tag","embeddable":true,"href":"https:\/\/paroisseham.fr\/index.php\/wp-json\/wp\/v2\/tags?post=1648"}],"curies":[{"name":"wp","href":"https:\/\/api.w.org\/{rel}","templated":true}]}}